{"id":994,"date":"2020-12-03T14:41:15","date_gmt":"2020-12-03T12:41:15","guid":{"rendered":"https:\/\/www.xn--regina-jck-x5a.de\/?p=994"},"modified":"2020-12-03T14:41:15","modified_gmt":"2020-12-03T12:41:15","slug":"zeit-fuer-inklusion-2020-2","status":"publish","type":"post","link":"https:\/\/www.xn--regina-jck-x5a.de\/dx\/2020\/12\/zeit-fuer-inklusion-2020-2\/","title":{"rendered":"Zeit f\u00fcr Inklusion 2020"},"content":{"rendered":"<p>Im Jahr 2015 hat die ehemalige Senatskoordinatorin f\u00fcr die Gleichstellung behinderter Menschen, Ingrid K\u00f6rner, in Hamburg das erste Mal die \u201eWoche der Inklusion\u201c im Zeitraum des internationalen Tages der Menschen mit Behinderung veranstaltet, mit dem Ziel m\u00f6glichst viele Hamburgerinnen und Hamburger f\u00fcr den Inklusionsgedanken zu gewinnen. <\/p>\n<p>Seitdem findet dieses Veranstaltungsformat einmal j\u00e4hrlich statt, in dem zahlreiche Verb\u00e4nde, Vereine und Institutionen ihre inklusiven Angebote f\u00fcr Menschen mit und ohne Behinderungen pr\u00e4sentieren. Dass sich immer mehr dem Inklusionsgedanken annehmen, wird durch die steigende Anzahl der teilnehmenden Organisationen und der inklusiven Angebote deutlich. Was urspr\u00fcnglich als \u201eWoche der Inklusion\u201c startete, wuchs in den letzten Jahren zur \u201eZeit der Inklusion\u201c heran und fand zuletzt in einem Zeitraum von zwei Monaten statt. <\/p>\n<p>Dazu die SPD-Fachsprecherin f\u00fcr Menschen mit Behinderung Regina J\u00e4ck: \u201eIch freue mich, dass die Zeit f\u00fcr Inklusion auf eine so hohe Resonanz st\u00f6\u00dft und der Teilnehmerkreis von Jahr zu Jahr gr\u00f6\u00dfer wurde. Das Bewusstsein f\u00fcr die Menschen mit Behinderung r\u00fcckt mehr in den Focus und sensibilisiert die Hamburgerinnen und Hamburger.\u201c <\/p>\n<p>Die diesj\u00e4hrige Zeit f\u00fcr Inklusion fand unter besonderen Voraussetzungen statt. Viele Angebote konnten auf Grund der Corona-Pandemie nicht wie urspr\u00fcnglich geplant veranstaltet werden. Aber Not macht bekanntlich erfinderisch und so konnte dieses Jahr trotz der Pandemie eine Vielzahl von Veranstaltungen und Angebote  &#8211; gr\u00f6\u00dftenteils digital &#8211; stattfinden.<br \/>\n\u201eNeben den einmaligen Veranstaltungen werden das gesamte Jahr \u00fcber inklusive Angebote veranstaltet. Ein Blick auf die Website www.hamburg.de\/zeit-fuer-inklusion\/ lohnt sich in jedem Fall\u201c, so Regina J\u00e4ck.<\/p>\n","protected":false},"excerpt":{"rendered":"<p>Im Jahr 2015 hat die ehemalige Senatskoordinatorin f\u00fcr die Gleichstellung behinderter Menschen, Ingrid K\u00f6rner, in Hamburg das erste Mal die \u201eWoche der Inklusion\u201c im Zeitraum des internationalen Tages der Menschen mit Behinderung veranstaltet, mit dem Ziel m\u00f6glichst viele Hamburgerinnen und Hamburger f\u00fcr den Inklusionsgedanken zu gewinnen. Seitdem findet dieses Veranstaltungsformat einmal j\u00e4hrlich statt, in dem [&hellip;]<\/p>\n","protected":false},"author":2,"featured_media":0,"comment_status":"closed","ping_status":"open","sticky":false,"template":"","format":"standard","meta":{"ngg_post_thumbnail":0,"footnotes":""},"categories":[4,1],"tags":[],"class_list":["post-994","post","type-post","status-publish","format-standard","hentry","category-aktuell","category-allgemein"],"translation":{"provider":"WPGlobus","version":"3.0.2","language":"dx","enabled_languages":["de","dx"],"languages":{"de":{"title":true,"content":true,"excerpt":false},"dx":{"title":false,"content":false,"excerpt":false}}},"_links":{"self":[{"href":"https:\/\/www.xn--regina-jck-x5a.de\/dx\/wp-json\/wp\/v2\/posts\/994","targetHints":{"allow":["GET"]}}],"collection":[{"href":"https:\/\/www.xn--regina-jck-x5a.de\/dx\/wp-json\/wp\/v2\/posts"}],"about":[{"href":"https:\/\/www.xn--regina-jck-x5a.de\/dx\/wp-json\/wp\/v2\/types\/post"}],"author":[{"embeddable":true,"href":"https:\/\/www.xn--regina-jck-x5a.de\/dx\/wp-json\/wp\/v2\/users\/2"}],"replies":[{"embeddable":true,"href":"https:\/\/www.xn--regina-jck-x5a.de\/dx\/wp-json\/wp\/v2\/comments?post=994"}],"version-history":[{"count":2,"href":"https:\/\/www.xn--regina-jck-x5a.de\/dx\/wp-json\/wp\/v2\/posts\/994\/revisions"}],"predecessor-version":[{"id":996,"href":"https:\/\/www.xn--regina-jck-x5a.de\/dx\/wp-json\/wp\/v2\/posts\/994\/revisions\/996"}],"wp:attachment":[{"href":"https:\/\/www.xn--regina-jck-x5a.de\/dx\/wp-json\/wp\/v2\/media?parent=994"}],"wp:term":[{"taxonomy":"category","embeddable":true,"href":"https:\/\/www.xn--regina-jck-x5a.de\/dx\/wp-json\/wp\/v2\/categories?post=994"},{"taxonomy":"post_tag","embeddable":true,"href":"https:\/\/www.xn--regina-jck-x5a.de\/dx\/wp-json\/wp\/v2\/tags?post=994"}],"curies":[{"name":"wp","href":"https:\/\/api.w.org\/{rel}","templated":true}]}}