{"id":990,"date":"2020-12-03T14:21:48","date_gmt":"2020-12-03T12:21:48","guid":{"rendered":"https:\/\/www.xn--regina-jck-x5a.de\/?p=990"},"modified":"2020-12-03T14:21:48","modified_gmt":"2020-12-03T12:21:48","slug":"heute-ist-der-internationale-tag-der-menschen-mit-behinderungen","status":"publish","type":"post","link":"https:\/\/www.xn--regina-jck-x5a.de\/dx\/2020\/12\/heute-ist-der-internationale-tag-der-menschen-mit-behinderungen\/","title":{"rendered":"Heute ist der internationale Tag der Menschen mit Behinderungen"},"content":{"rendered":"<p>Der 3. Dezember ist seit 18 Jahren der Internationale Tag der Menschen mit Behinderung. Dieser Tag wurde im Jahr 1992 von den Vereinten Nationen (UN) als Aktions- und Gedenktag ausgerufen und soll weltweit dazu beitragen dass Menschen mit Behinderungen und ihre Belange mehr Aufmerksamkeit erhalten und das Bewusstsein der \u00d6ffentlichkeit gesch\u00e4rft wird. <\/p>\n<p>Die Ratifizierung der UN-Behindertenrechtskonvention in Deutschland im Jahr 2009  hat dazu gef\u00fchrt, das in unserer Gesellschaft ein Paradigmenwechsel stattgefunden hat. Ein Umdenken von der Auffassung, dass Menschen mit Behinderung ausschlie\u00dflich der F\u00fcrsorge bed\u00fcrfen zur jetzigen Sichtweise, dass Menschen mit Behinderung ebenfalls gleichberechtigt und selbstbestimmt am gesamtgesellschaftlichen Leben teilhaben sollen.<\/p>\n<p>Dazu Regina J\u00e4ck, SPD-Fachsprecherin f\u00fcr Menschen mit Behinderung: \u201eIn den letzten Jahren sind wir in Hamburg bereits gut vorangekommen auf dem Weg zu mehr selbstbestimmtem Leben und gesellschaftlicher Teilhabe. Das Ziel einer vollst\u00e4ndig inklusiven Gesellschaft ist bislang noch nicht erreicht, aber wir konnten in der Hamburgischen B\u00fcrgerschaft eine Vielzahl von Entwicklungen und Zielen umsetzen, um einer inklusiven Gesellschaft St\u00fcck f\u00fcr St\u00fcck n\u00e4her zu kommen.\u201c <\/p>\n<p>Darunter fallen im Wesentlichen die Entwicklung eines Landesaktionsplans zur Umsetzung der UN-BRK, dessen Punkte stetig umgesetzt, neu gedacht und fortlaufend weiterentwickelt werden und das neue Hamburgische Behindertengleichstellungsgesetz, das im Dezember 2019 verabschiedet wurde. Sowohl der Landesaktionsplan als auch die Novellierung des Hamburgischen Gesetzes zur Gleichstellung behinderter Menschen waren auf einen breiten und transparenten Beteiligungsprozess ausgelegt, an dem Menschen mit Behinderung und ihre Verb\u00e4nde und Organisationen einbezogen wurden, ganz nach dem UN-BRK Grundsatz \u201eNicht \u00fcber uns ohne uns\u201c.  <\/p>\n<p>Regina J\u00e4ck: \u201eNach wie vor gilt es, Verantwortung zu \u00fcbernehmen und es ist wichtig, das wir als Abgeordnete gemeinsam mit den Betroffenen diesen Prozess weiterhin eng begleiten und daf\u00fcr Sorge tragen, eine inklusive Stadt zu gestalten.\u201c<\/p>\n","protected":false},"excerpt":{"rendered":"<p>Der 3. Dezember ist seit 18 Jahren der Internationale Tag der Menschen mit Behinderung. Dieser Tag wurde im Jahr 1992 von den Vereinten Nationen (UN) als Aktions- und Gedenktag ausgerufen und soll weltweit dazu beitragen dass Menschen mit Behinderungen und ihre Belange mehr Aufmerksamkeit erhalten und das Bewusstsein der \u00d6ffentlichkeit gesch\u00e4rft wird. Die Ratifizierung der [&hellip;]<\/p>\n","protected":false},"author":2,"featured_media":0,"comment_status":"closed","ping_status":"open","sticky":false,"template":"","format":"standard","meta":{"ngg_post_thumbnail":0,"footnotes":""},"categories":[4,1],"tags":[],"class_list":["post-990","post","type-post","status-publish","format-standard","hentry","category-aktuell","category-allgemein"],"translation":{"provider":"WPGlobus","version":"3.0.2","language":"dx","enabled_languages":["de","dx"],"languages":{"de":{"title":true,"content":true,"excerpt":false},"dx":{"title":false,"content":false,"excerpt":false}}},"_links":{"self":[{"href":"https:\/\/www.xn--regina-jck-x5a.de\/dx\/wp-json\/wp\/v2\/posts\/990","targetHints":{"allow":["GET"]}}],"collection":[{"href":"https:\/\/www.xn--regina-jck-x5a.de\/dx\/wp-json\/wp\/v2\/posts"}],"about":[{"href":"https:\/\/www.xn--regina-jck-x5a.de\/dx\/wp-json\/wp\/v2\/types\/post"}],"author":[{"embeddable":true,"href":"https:\/\/www.xn--regina-jck-x5a.de\/dx\/wp-json\/wp\/v2\/users\/2"}],"replies":[{"embeddable":true,"href":"https:\/\/www.xn--regina-jck-x5a.de\/dx\/wp-json\/wp\/v2\/comments?post=990"}],"version-history":[{"count":2,"href":"https:\/\/www.xn--regina-jck-x5a.de\/dx\/wp-json\/wp\/v2\/posts\/990\/revisions"}],"predecessor-version":[{"id":993,"href":"https:\/\/www.xn--regina-jck-x5a.de\/dx\/wp-json\/wp\/v2\/posts\/990\/revisions\/993"}],"wp:attachment":[{"href":"https:\/\/www.xn--regina-jck-x5a.de\/dx\/wp-json\/wp\/v2\/media?parent=990"}],"wp:term":[{"taxonomy":"category","embeddable":true,"href":"https:\/\/www.xn--regina-jck-x5a.de\/dx\/wp-json\/wp\/v2\/categories?post=990"},{"taxonomy":"post_tag","embeddable":true,"href":"https:\/\/www.xn--regina-jck-x5a.de\/dx\/wp-json\/wp\/v2\/tags?post=990"}],"curies":[{"name":"wp","href":"https:\/\/api.w.org\/{rel}","templated":true}]}}