{"id":982,"date":"2020-10-06T15:05:48","date_gmt":"2020-10-06T13:05:48","guid":{"rendered":"https:\/\/www.xn--regina-jck-x5a.de\/?p=982"},"modified":"2020-10-06T15:05:48","modified_gmt":"2020-10-06T13:05:48","slug":"zeit-fuer-inklusion-2020","status":"publish","type":"post","link":"https:\/\/www.xn--regina-jck-x5a.de\/dx\/2020\/10\/zeit-fuer-inklusion-2020\/","title":{"rendered":"Zeit f\u00fcr Inklusion 2020"},"content":{"rendered":"<p>Im Rahmen der &#8220;Zeit f\u00fcr Inklusion&#8221; findet am 13. Oktober auch dieses Jahr wieder eine Lesung von Isabella V\u00e9rtes-Sch\u00fctter in Leichter Sprache statt. Allerdings in diesem Jahr wegen der Corona-Pandemie als geschlossene Veranstaltung, um die Bewohner des Senator-Neumann-Hauses nicht zu gef\u00e4hrden.<\/p>\n<p>Weitere Infos unter: <a href=\"https:\/\/www.hamburg.de\/zeit-fuer-inklusion\/14322248\/angebote\/\">Zeit f\u00fcr Inklusion<\/a><\/p>\n","protected":false},"excerpt":{"rendered":"<p>Im Rahmen der &#8220;Zeit f\u00fcr Inklusion&#8221; findet am 13. Oktober auch dieses Jahr wieder eine Lesung von Isabella V\u00e9rtes-Sch\u00fctter in Leichter Sprache statt. Allerdings in diesem Jahr wegen der Corona-Pandemie als geschlossene Veranstaltung, um die Bewohner des Senator-Neumann-Hauses nicht zu gef\u00e4hrden. Weitere Infos unter: Zeit f\u00fcr Inklusion<\/p>\n","protected":false},"author":2,"featured_media":0,"comment_status":"closed","ping_status":"open","sticky":false,"template":"","format":"standard","meta":{"ngg_post_thumbnail":0,"footnotes":""},"categories":[1],"tags":[],"class_list":["post-982","post","type-post","status-publish","format-standard","hentry","category-allgemein"],"translation":{"provider":"WPGlobus","version":"3.0.2","language":"dx","enabled_languages":["de","dx"],"languages":{"de":{"title":true,"content":true,"excerpt":false},"dx":{"title":false,"content":false,"excerpt":false}}},"_links":{"self":[{"href":"https:\/\/www.xn--regina-jck-x5a.de\/dx\/wp-json\/wp\/v2\/posts\/982","targetHints":{"allow":["GET"]}}],"collection":[{"href":"https:\/\/www.xn--regina-jck-x5a.de\/dx\/wp-json\/wp\/v2\/posts"}],"about":[{"href":"https:\/\/www.xn--regina-jck-x5a.de\/dx\/wp-json\/wp\/v2\/types\/post"}],"author":[{"embeddable":true,"href":"https:\/\/www.xn--regina-jck-x5a.de\/dx\/wp-json\/wp\/v2\/users\/2"}],"replies":[{"embeddable":true,"href":"https:\/\/www.xn--regina-jck-x5a.de\/dx\/wp-json\/wp\/v2\/comments?post=982"}],"version-history":[{"count":3,"href":"https:\/\/www.xn--regina-jck-x5a.de\/dx\/wp-json\/wp\/v2\/posts\/982\/revisions"}],"predecessor-version":[{"id":985,"href":"https:\/\/www.xn--regina-jck-x5a.de\/dx\/wp-json\/wp\/v2\/posts\/982\/revisions\/985"}],"wp:attachment":[{"href":"https:\/\/www.xn--regina-jck-x5a.de\/dx\/wp-json\/wp\/v2\/media?parent=982"}],"wp:term":[{"taxonomy":"category","embeddable":true,"href":"https:\/\/www.xn--regina-jck-x5a.de\/dx\/wp-json\/wp\/v2\/categories?post=982"},{"taxonomy":"post_tag","embeddable":true,"href":"https:\/\/www.xn--regina-jck-x5a.de\/dx\/wp-json\/wp\/v2\/tags?post=982"}],"curies":[{"name":"wp","href":"https:\/\/api.w.org\/{rel}","templated":true}]}}