{"id":970,"date":"2020-09-25T14:54:55","date_gmt":"2020-09-25T12:54:55","guid":{"rendered":"https:\/\/www.xn--regina-jck-x5a.de\/?p=970"},"modified":"2020-09-25T14:54:55","modified_gmt":"2020-09-25T12:54:55","slug":"neue-stadtrad-station-in-bramfelds-norden","status":"publish","type":"post","link":"https:\/\/www.xn--regina-jck-x5a.de\/dx\/2020\/09\/neue-stadtrad-station-in-bramfelds-norden\/","title":{"rendered":"Neue StadtRad-Station in Bramfelds Norden"},"content":{"rendered":"<p>Direkt am Eingang Maisredder des Friedhofs Ohlsdorf ist in dieser Woche eine neue StadtRad-Station mit zw\u00f6lf Andockstationen in Betrieb genommen worden. Die tats\u00e4chliche Zahl der R\u00e4der variiert je nach Nutzung \u00fcber den Tag. Der StadtRAD-Betreiber DB connect hat die neue Station im Zuge des mit der Stadt vereinbarten Erweiterungskonzepts errichtet. <\/p>\n<p>Lars Pochnicht, Radverkehrsexperte der SPD-B\u00fcrgerschaftsfraktion und Abgeordneter f\u00fcr den Wahlkreis Bramfeld, Farmsen-Berne: \u201eDie Ausweitung des Erfolgsmodells StadtRAD von 215 auf insgesamt 350 ist unser erkl\u00e4rtes Ziel und wird in den kommenden Jahren St\u00fcck f\u00fcr St\u00fcck umgesetzt. Jeder Stadtteil, jede Schnellbahnhaltestelle, jedes Ortszentrum soll \u00fcber eine StadtRAD-Station verf\u00fcgen. Mit der neuen StadtRAD-Station am Maisredder schaffen wir eine attraktive Verbindung von Bramfeld, \u00fcber den Friedhof nach Ohlsdorf.<\/p>\n<p>Regina J\u00e4ck, Abgeordnete f\u00fcr den Wahlkreis Bramfeld, Farmsen-Berne und Steilshoop freut sich \u00fcber die StadtRAD-Station: \u201cDie neue StadtRAD-Station am Maisredder erschlie\u00dft nun auch Bramfelds Norden und bietet eine gute Anbindung der Hohnerkampsiedlung und die umliegenden Wohnquartiere. Diese neue StadtRAD-Station bietet den B\u00fcrgerinnen und B\u00fcrgern eine qualitative Verbesserung Mobilit\u00e4t. Genau das trifft das Lebensgef\u00fchl vieler Hamburgerinnen und Hamburger\u201c.<\/p>\n<p>Beide Abgeordneten betonten, dass in den kommenden Jahren an weiteren Stellen in Bramfeld mit der Realisierung von StadtRAD-Stationen begonnen wird. Diese werden auf den Stra\u00dfenecken Karlsh\u00f6he \/ Pezolddamm sowie Fabriciusstra\u00dfe \/ Buschrosenweg in die Planungen laufender Stra\u00dfenbauprojekte integriert.<\/p>\n","protected":false},"excerpt":{"rendered":"<p>Direkt am Eingang Maisredder des Friedhofs Ohlsdorf ist in dieser Woche eine neue StadtRad-Station mit zw\u00f6lf Andockstationen in Betrieb genommen worden. Die tats\u00e4chliche Zahl der R\u00e4der variiert je nach Nutzung \u00fcber den Tag. Der StadtRAD-Betreiber DB connect hat die neue Station im Zuge des mit der Stadt vereinbarten Erweiterungskonzepts errichtet. Lars Pochnicht, Radverkehrsexperte der SPD-B\u00fcrgerschaftsfraktion [&hellip;]<\/p>\n","protected":false},"author":2,"featured_media":972,"comment_status":"closed","ping_status":"open","sticky":false,"template":"","format":"standard","meta":{"ngg_post_thumbnail":0,"footnotes":""},"categories":[1],"tags":[],"class_list":["post-970","post","type-post","status-publish","format-standard","has-post-thumbnail","hentry","category-allgemein"],"translation":{"provider":"WPGlobus","version":"3.0.2","language":"dx","enabled_languages":["de","dx"],"languages":{"de":{"title":true,"content":true,"excerpt":false},"dx":{"title":false,"content":false,"excerpt":false}}},"_links":{"self":[{"href":"https:\/\/www.xn--regina-jck-x5a.de\/dx\/wp-json\/wp\/v2\/posts\/970","targetHints":{"allow":["GET"]}}],"collection":[{"href":"https:\/\/www.xn--regina-jck-x5a.de\/dx\/wp-json\/wp\/v2\/posts"}],"about":[{"href":"https:\/\/www.xn--regina-jck-x5a.de\/dx\/wp-json\/wp\/v2\/types\/post"}],"author":[{"embeddable":true,"href":"https:\/\/www.xn--regina-jck-x5a.de\/dx\/wp-json\/wp\/v2\/users\/2"}],"replies":[{"embeddable":true,"href":"https:\/\/www.xn--regina-jck-x5a.de\/dx\/wp-json\/wp\/v2\/comments?post=970"}],"version-history":[{"count":3,"href":"https:\/\/www.xn--regina-jck-x5a.de\/dx\/wp-json\/wp\/v2\/posts\/970\/revisions"}],"predecessor-version":[{"id":975,"href":"https:\/\/www.xn--regina-jck-x5a.de\/dx\/wp-json\/wp\/v2\/posts\/970\/revisions\/975"}],"wp:featuredmedia":[{"embeddable":true,"href":"https:\/\/www.xn--regina-jck-x5a.de\/dx\/wp-json\/wp\/v2\/media\/972"}],"wp:attachment":[{"href":"https:\/\/www.xn--regina-jck-x5a.de\/dx\/wp-json\/wp\/v2\/media?parent=970"}],"wp:term":[{"taxonomy":"category","embeddable":true,"href":"https:\/\/www.xn--regina-jck-x5a.de\/dx\/wp-json\/wp\/v2\/categories?post=970"},{"taxonomy":"post_tag","embeddable":true,"href":"https:\/\/www.xn--regina-jck-x5a.de\/dx\/wp-json\/wp\/v2\/tags?post=970"}],"curies":[{"name":"wp","href":"https:\/\/api.w.org\/{rel}","templated":true}]}}