{"id":947,"date":"2020-06-08T15:44:08","date_gmt":"2020-06-08T13:44:08","guid":{"rendered":"https:\/\/www.xn--regina-jck-x5a.de\/?p=947"},"modified":"2020-06-08T15:44:08","modified_gmt":"2020-06-08T13:44:08","slug":"sehbehindertentag-nichts-ueber-uns-ohne-uns","status":"publish","type":"post","link":"https:\/\/www.xn--regina-jck-x5a.de\/dx\/2020\/06\/sehbehindertentag-nichts-ueber-uns-ohne-uns\/","title":{"rendered":"Sehbehindertentag: \u201eNichts \u00fcber uns ohne uns!\u201c"},"content":{"rendered":"<p>Anl\u00e4sslich des Sehbehindertentages am 6. Juni weist die SPD-Bundestagsfraktion darauf hin, dass auch Menschen mit einer Sehbehinderung selbstbestimmt und m\u00f6glichst ohne Barrieren in ihrem Alltag zurechtkommen m\u00fcssen. Das ist noch lange nicht selbstverst\u00e4ndlich, denn noch immer gibt es zahlreiche Barrieren. <\/p>\n<p>Die Corona-Krise verdeutlicht, vor wie viele Herausforderungen Menschen mit Sehbehinderungen tagt\u00e4glich gestellt werden: Viele Hinweisschilder auf Corona-Regeln, etwa beim Einkaufen, in Beh\u00f6rden und im \u00f6ffentlichen Personennahverkehr h\u00e4ngen lediglich gedruckt aus. Auch gesonderte Ein- und Ausg\u00e4nge in Einkaufszentren sind f\u00fcr Menschen je nach Grad der Sehbehinderungen nicht ohne weiteres erkennbar. Das gilt auch f\u00fcr kurzfristig ge\u00e4nderte Abfahrtszeiten auf Bushalteschildern.<\/p>\n<p>In einer Gesellschaft mit einem wachsenden Anteil \u00e4lterer Menschen, m\u00fcssen wir verst\u00e4rkt auf das Thema Barrierefreiheit achten. Hier sind insbesondere unsere St\u00e4dte und Gemeinden gefragt. Die Kommunen k\u00f6nnen etwa mit dem Bau barrierefreier Geb\u00e4ude oder barrierefreie Haltestellen im \u00f6ffentlichen Personennahverkehr viel f\u00fcr Inklusion tun. Entscheidend f\u00fcr die richtigen Ma\u00dfnahmen ist der Grundsatz: \u201aNichts \u00fcber uns ohne uns\u2018. Dieser wichtige Grundsatz kann dort am besten verwirklicht werden, wo Menschen mit unterschiedlichsten Behinderungen von Anfang an, in die Planungen eingebunden werden. Sie wissen aus ihrer ganz pers\u00f6nlichen Erfahrung, worauf es wirklich ankommt und deshalb sollten wir alle in unserem Alltag, aber besonders auch politisch Verantwortliche in den Rath\u00e4usern und den R\u00e4ten fr\u00fchzeitig diesem wichtigen Leitsatz folgen.<\/p>\n","protected":false},"excerpt":{"rendered":"<p>Anl\u00e4sslich des Sehbehindertentages am 6. Juni weist die SPD-Bundestagsfraktion darauf hin, dass auch Menschen mit einer Sehbehinderung selbstbestimmt und m\u00f6glichst ohne Barrieren in ihrem Alltag zurechtkommen m\u00fcssen. Das ist noch lange nicht selbstverst\u00e4ndlich, denn noch immer gibt es zahlreiche Barrieren. Die Corona-Krise verdeutlicht, vor wie viele Herausforderungen Menschen mit Sehbehinderungen tagt\u00e4glich gestellt werden: Viele Hinweisschilder [&hellip;]<\/p>\n","protected":false},"author":2,"featured_media":0,"comment_status":"closed","ping_status":"open","sticky":false,"template":"","format":"standard","meta":{"ngg_post_thumbnail":0,"footnotes":""},"categories":[4,1],"tags":[],"class_list":["post-947","post","type-post","status-publish","format-standard","hentry","category-aktuell","category-allgemein"],"translation":{"provider":"WPGlobus","version":"3.0.2","language":"dx","enabled_languages":["de","dx"],"languages":{"de":{"title":true,"content":true,"excerpt":false},"dx":{"title":false,"content":false,"excerpt":false}}},"_links":{"self":[{"href":"https:\/\/www.xn--regina-jck-x5a.de\/dx\/wp-json\/wp\/v2\/posts\/947","targetHints":{"allow":["GET"]}}],"collection":[{"href":"https:\/\/www.xn--regina-jck-x5a.de\/dx\/wp-json\/wp\/v2\/posts"}],"about":[{"href":"https:\/\/www.xn--regina-jck-x5a.de\/dx\/wp-json\/wp\/v2\/types\/post"}],"author":[{"embeddable":true,"href":"https:\/\/www.xn--regina-jck-x5a.de\/dx\/wp-json\/wp\/v2\/users\/2"}],"replies":[{"embeddable":true,"href":"https:\/\/www.xn--regina-jck-x5a.de\/dx\/wp-json\/wp\/v2\/comments?post=947"}],"version-history":[{"count":2,"href":"https:\/\/www.xn--regina-jck-x5a.de\/dx\/wp-json\/wp\/v2\/posts\/947\/revisions"}],"predecessor-version":[{"id":949,"href":"https:\/\/www.xn--regina-jck-x5a.de\/dx\/wp-json\/wp\/v2\/posts\/947\/revisions\/949"}],"wp:attachment":[{"href":"https:\/\/www.xn--regina-jck-x5a.de\/dx\/wp-json\/wp\/v2\/media?parent=947"}],"wp:term":[{"taxonomy":"category","embeddable":true,"href":"https:\/\/www.xn--regina-jck-x5a.de\/dx\/wp-json\/wp\/v2\/categories?post=947"},{"taxonomy":"post_tag","embeddable":true,"href":"https:\/\/www.xn--regina-jck-x5a.de\/dx\/wp-json\/wp\/v2\/tags?post=947"}],"curies":[{"name":"wp","href":"https:\/\/api.w.org\/{rel}","templated":true}]}}