{"id":751,"date":"2018-09-04T14:16:39","date_gmt":"2018-09-04T12:16:39","guid":{"rendered":"http:\/\/www.xn--regina-jck-x5a.de\/?p=751"},"modified":"2018-09-04T14:17:37","modified_gmt":"2018-09-04T12:17:37","slug":"buergersprechstunde-mit-sozialberatung-im-september","status":"publish","type":"post","link":"https:\/\/www.xn--regina-jck-x5a.de\/dx\/2018\/09\/buergersprechstunde-mit-sozialberatung-im-september\/","title":{"rendered":"B\u00fcrgersprechstunde mit Sozialberatung am 13. September"},"content":{"rendered":"<p>Am 13. September findet im B\u00fcrgerb\u00fcro von Regina J\u00e4ck von 17-19 Uhr die monatliche Sprechstunde statt. Regina J\u00e4ck ist in dieser Zeit f\u00fcr die Anliegen und Themen der B\u00fcrgerinnen und B\u00fcrger vor Ort und Uwe Werner vom Sozialverband Deutschland steht f\u00fcr eine Sozialberatung zur Verf\u00fcgung. <\/p>\n<p>Wir freuen uns \u00fcber Anmeldungen unter buero@regina-jaeck.de oder per Telefon 040-74214997.<\/p>\n","protected":false},"excerpt":{"rendered":"<p>Am 13. September findet im B\u00fcrgerb\u00fcro von Regina J\u00e4ck von 17-19 Uhr die monatliche Sprechstunde statt. Regina J\u00e4ck ist in dieser Zeit f\u00fcr die Anliegen und Themen der B\u00fcrgerinnen und B\u00fcrger vor Ort und Uwe Werner vom Sozialverband Deutschland steht f\u00fcr eine Sozialberatung zur Verf\u00fcgung. Wir freuen uns \u00fcber Anmeldungen unter buero@regina-jaeck.de oder per Telefon [&hellip;]<\/p>\n","protected":false},"author":2,"featured_media":0,"comment_status":"closed","ping_status":"open","sticky":false,"template":"","format":"standard","meta":{"ngg_post_thumbnail":0,"footnotes":""},"categories":[4,1],"tags":[],"class_list":["post-751","post","type-post","status-publish","format-standard","hentry","category-aktuell","category-allgemein"],"translation":{"provider":"WPGlobus","version":"3.0.2","language":"dx","enabled_languages":["de","dx"],"languages":{"de":{"title":true,"content":true,"excerpt":false},"dx":{"title":false,"content":false,"excerpt":false}}},"_links":{"self":[{"href":"https:\/\/www.xn--regina-jck-x5a.de\/dx\/wp-json\/wp\/v2\/posts\/751","targetHints":{"allow":["GET"]}}],"collection":[{"href":"https:\/\/www.xn--regina-jck-x5a.de\/dx\/wp-json\/wp\/v2\/posts"}],"about":[{"href":"https:\/\/www.xn--regina-jck-x5a.de\/dx\/wp-json\/wp\/v2\/types\/post"}],"author":[{"embeddable":true,"href":"https:\/\/www.xn--regina-jck-x5a.de\/dx\/wp-json\/wp\/v2\/users\/2"}],"replies":[{"embeddable":true,"href":"https:\/\/www.xn--regina-jck-x5a.de\/dx\/wp-json\/wp\/v2\/comments?post=751"}],"version-history":[{"count":2,"href":"https:\/\/www.xn--regina-jck-x5a.de\/dx\/wp-json\/wp\/v2\/posts\/751\/revisions"}],"predecessor-version":[{"id":754,"href":"https:\/\/www.xn--regina-jck-x5a.de\/dx\/wp-json\/wp\/v2\/posts\/751\/revisions\/754"}],"wp:attachment":[{"href":"https:\/\/www.xn--regina-jck-x5a.de\/dx\/wp-json\/wp\/v2\/media?parent=751"}],"wp:term":[{"taxonomy":"category","embeddable":true,"href":"https:\/\/www.xn--regina-jck-x5a.de\/dx\/wp-json\/wp\/v2\/categories?post=751"},{"taxonomy":"post_tag","embeddable":true,"href":"https:\/\/www.xn--regina-jck-x5a.de\/dx\/wp-json\/wp\/v2\/tags?post=751"}],"curies":[{"name":"wp","href":"https:\/\/api.w.org\/{rel}","templated":true}]}}