{"id":724,"date":"2018-07-10T13:06:33","date_gmt":"2018-07-10T11:06:33","guid":{"rendered":"http:\/\/www.xn--regina-jck-x5a.de\/?p=724"},"modified":"2018-07-10T13:06:33","modified_gmt":"2018-07-10T11:06:33","slug":"infostand-am-3-juni-im-einkaufstreff-farmsen","status":"publish","type":"post","link":"https:\/\/www.xn--regina-jck-x5a.de\/dx\/2018\/07\/infostand-am-3-juni-im-einkaufstreff-farmsen\/","title":{"rendered":"Infostand am 3. Juni im Einkaufstreff Farmsen"},"content":{"rendered":"<p>Im Rahmen des gro\u00dfen Info-Tages zum Thema &#8220;Inklusion &#038; Integration&#8221; am 3. Juni im Einkaufstreff Farmsen habe ich mit Unterst\u00fctzung der SPD Farmsen einen Infostand gemacht und \u00fcber meine Arbeit als Sprecherin f\u00fcr Menschen mit Behinderung der SPD-B\u00fcrgerschaftsfraktion informiert. Au\u00dferdem gab es viele Gespr\u00e4che mit Vertreterinnen und Vertretern von Organisationen und Institutionen, die sich f\u00fcr die Inklusion in unserer Gesellschaft einsetzen, wie z. B. das BHH Sozialkontor, der Sozialverband Deutschland oder das Rauhe Haus.<\/p>\nngg_shortcode_0_placeholder\n","protected":false},"excerpt":{"rendered":"<p>Im Rahmen des gro\u00dfen Info-Tages zum Thema &#8220;Inklusion &#038; Integration&#8221; am 3. Juni im Einkaufstreff Farmsen habe ich mit Unterst\u00fctzung der SPD Farmsen einen Infostand gemacht und \u00fcber meine Arbeit als Sprecherin f\u00fcr Menschen mit Behinderung der SPD-B\u00fcrgerschaftsfraktion informiert. Au\u00dferdem gab es viele Gespr\u00e4che mit Vertreterinnen und Vertretern von Organisationen und Institutionen, die sich f\u00fcr [&hellip;]<\/p>\n","protected":false},"author":2,"featured_media":0,"comment_status":"closed","ping_status":"open","sticky":false,"template":"","format":"standard","meta":{"ngg_post_thumbnail":0,"footnotes":""},"categories":[1],"tags":[],"class_list":["post-724","post","type-post","status-publish","format-standard","hentry","category-allgemein"],"translation":{"provider":"WPGlobus","version":"3.0.2","language":"dx","enabled_languages":["de","dx"],"languages":{"de":{"title":true,"content":true,"excerpt":false},"dx":{"title":false,"content":false,"excerpt":false}}},"_links":{"self":[{"href":"https:\/\/www.xn--regina-jck-x5a.de\/dx\/wp-json\/wp\/v2\/posts\/724","targetHints":{"allow":["GET"]}}],"collection":[{"href":"https:\/\/www.xn--regina-jck-x5a.de\/dx\/wp-json\/wp\/v2\/posts"}],"about":[{"href":"https:\/\/www.xn--regina-jck-x5a.de\/dx\/wp-json\/wp\/v2\/types\/post"}],"author":[{"embeddable":true,"href":"https:\/\/www.xn--regina-jck-x5a.de\/dx\/wp-json\/wp\/v2\/users\/2"}],"replies":[{"embeddable":true,"href":"https:\/\/www.xn--regina-jck-x5a.de\/dx\/wp-json\/wp\/v2\/comments?post=724"}],"version-history":[{"count":1,"href":"https:\/\/www.xn--regina-jck-x5a.de\/dx\/wp-json\/wp\/v2\/posts\/724\/revisions"}],"predecessor-version":[{"id":738,"href":"https:\/\/www.xn--regina-jck-x5a.de\/dx\/wp-json\/wp\/v2\/posts\/724\/revisions\/738"}],"wp:attachment":[{"href":"https:\/\/www.xn--regina-jck-x5a.de\/dx\/wp-json\/wp\/v2\/media?parent=724"}],"wp:term":[{"taxonomy":"category","embeddable":true,"href":"https:\/\/www.xn--regina-jck-x5a.de\/dx\/wp-json\/wp\/v2\/categories?post=724"},{"taxonomy":"post_tag","embeddable":true,"href":"https:\/\/www.xn--regina-jck-x5a.de\/dx\/wp-json\/wp\/v2\/tags?post=724"}],"curies":[{"name":"wp","href":"https:\/\/api.w.org\/{rel}","templated":true}]}}