{"id":720,"date":"2018-06-19T13:18:23","date_gmt":"2018-06-19T11:18:23","guid":{"rendered":"http:\/\/www.xn--regina-jck-x5a.de\/?p=720"},"modified":"2018-06-19T13:18:23","modified_gmt":"2018-06-19T11:18:23","slug":"digitale-barrieren-fuer-menschen-mit-behinderungen-aus-dem-weg-raeumen","status":"publish","type":"post","link":"https:\/\/www.xn--regina-jck-x5a.de\/dx\/2018\/06\/digitale-barrieren-fuer-menschen-mit-behinderungen-aus-dem-weg-raeumen\/","title":{"rendered":"Digitale Barrieren f\u00fcr Menschen mit Behinderungen aus dem Weg r\u00e4umen"},"content":{"rendered":"<p>Am 14. Juni hat der Deutsche Bundestag den Gesetzentwurf zur EU-Richtlinienumsetzung \u00fcber den barrierefreien Zugang zu den Webseiten und mobilen Anwendungen \u00f6ffentlicher Stellen beschlossen. Menschen mit Behinderungen sollen dadurch digitale Produkte und Dienstleistungen einfacher nutzen k\u00f6nnen.<\/p>\n<p>Die Digitalisierung macht es m\u00f6glich: Wir kommunizieren von \u00fcberall miteinander und informieren uns jederzeit online. F\u00fcr Menschen mit Behinderungen bietet die Digitalisierung neue Chancen. Digitale Tools machen Arbeit, Teilhabe und auch Mitentscheiden einfacher. Wir wollen daf\u00fcr sorgen, dass diese Chancen nicht durch unn\u00f6tige Barrieren verbaut werden.<\/p>\n<p>Tr\u00e4ger \u00f6ffentlicher Gewalt sind bereits bisher zu digitaler Barrierefreiheit verpflichtet. Der Anwendungskreis weitet sich durch das Gesetz auf alle \u00f6ffentlichen Stellen aus, unter anderem auch auf Verb\u00e4nde und Vereinigungen. Zudem gelten k\u00fcnftig klare Fristen. Bisher konnte digitale Barrierefreiheit schrittweise umgesetzt und somit quasi unbegrenzt hinausgez\u00f6gert werden. Doch Teilhabe darf nicht vertagt werden. Neu ist daher auch ein Mechanismus f\u00fcr Feedback. Alle Nutzerinnen und Nutzer k\u00f6nnen dar\u00fcber fehlende Barrierefreiheit melden. Eine neue \u00dcberwachungsstelle wird daf\u00fcr sorgen, dass digitale Barrierefreiheit auch durchgesetzt wird.<\/p>\n<p>Die SPD-Bundestagsfraktion hat noch wesentliche Verbesserungen im parlamentarischen Verfahren erreicht. So unterbricht k\u00fcnftig ein Schlichtungsverfahren die Klagefrist. Das ist ein gro\u00dfer Vorteil f\u00fcr die Betroffenen: Denn Klagen m\u00fcssen jetzt nicht mehr parallel zur Schlichtung eingereicht werden, um die Klagefrist einzuhalten. Mit dem Gesetz machen wir die \u00f6ffentlichen Stellen zu den Taktgebern f\u00fcr digitale Teilhabe. Wir schaffen Standards f\u00fcr eine digitale Barrierefreiheit, die langfristig auch zum Ma\u00dfstab f\u00fcr die privaten Anbieter werden soll.<\/p>\n","protected":false},"excerpt":{"rendered":"<p>Am 14. Juni hat der Deutsche Bundestag den Gesetzentwurf zur EU-Richtlinienumsetzung \u00fcber den barrierefreien Zugang zu den Webseiten und mobilen Anwendungen \u00f6ffentlicher Stellen beschlossen. Menschen mit Behinderungen sollen dadurch digitale Produkte und Dienstleistungen einfacher nutzen k\u00f6nnen. Die Digitalisierung macht es m\u00f6glich: Wir kommunizieren von \u00fcberall miteinander und informieren uns jederzeit online. F\u00fcr Menschen mit Behinderungen [&hellip;]<\/p>\n","protected":false},"author":2,"featured_media":0,"comment_status":"closed","ping_status":"open","sticky":false,"template":"","format":"standard","meta":{"ngg_post_thumbnail":0,"footnotes":""},"categories":[4],"tags":[],"class_list":["post-720","post","type-post","status-publish","format-standard","hentry","category-aktuell"],"translation":{"provider":"WPGlobus","version":"3.0.2","language":"dx","enabled_languages":["de","dx"],"languages":{"de":{"title":true,"content":true,"excerpt":false},"dx":{"title":false,"content":false,"excerpt":false}}},"_links":{"self":[{"href":"https:\/\/www.xn--regina-jck-x5a.de\/dx\/wp-json\/wp\/v2\/posts\/720","targetHints":{"allow":["GET"]}}],"collection":[{"href":"https:\/\/www.xn--regina-jck-x5a.de\/dx\/wp-json\/wp\/v2\/posts"}],"about":[{"href":"https:\/\/www.xn--regina-jck-x5a.de\/dx\/wp-json\/wp\/v2\/types\/post"}],"author":[{"embeddable":true,"href":"https:\/\/www.xn--regina-jck-x5a.de\/dx\/wp-json\/wp\/v2\/users\/2"}],"replies":[{"embeddable":true,"href":"https:\/\/www.xn--regina-jck-x5a.de\/dx\/wp-json\/wp\/v2\/comments?post=720"}],"version-history":[{"count":2,"href":"https:\/\/www.xn--regina-jck-x5a.de\/dx\/wp-json\/wp\/v2\/posts\/720\/revisions"}],"predecessor-version":[{"id":722,"href":"https:\/\/www.xn--regina-jck-x5a.de\/dx\/wp-json\/wp\/v2\/posts\/720\/revisions\/722"}],"wp:attachment":[{"href":"https:\/\/www.xn--regina-jck-x5a.de\/dx\/wp-json\/wp\/v2\/media?parent=720"}],"wp:term":[{"taxonomy":"category","embeddable":true,"href":"https:\/\/www.xn--regina-jck-x5a.de\/dx\/wp-json\/wp\/v2\/categories?post=720"},{"taxonomy":"post_tag","embeddable":true,"href":"https:\/\/www.xn--regina-jck-x5a.de\/dx\/wp-json\/wp\/v2\/tags?post=720"}],"curies":[{"name":"wp","href":"https:\/\/api.w.org\/{rel}","templated":true}]}}