{"id":715,"date":"2018-05-16T12:35:32","date_gmt":"2018-05-16T10:35:32","guid":{"rendered":"http:\/\/www.xn--regina-jck-x5a.de\/?p=715"},"modified":"2018-05-16T12:35:32","modified_gmt":"2018-05-16T10:35:32","slug":"juergen-dusel-ist-neuer-beauftragter-der-bundesregierung-fuer-menschen-mit-behinderung","status":"publish","type":"post","link":"https:\/\/www.xn--regina-jck-x5a.de\/dx\/2018\/05\/juergen-dusel-ist-neuer-beauftragter-der-bundesregierung-fuer-menschen-mit-behinderung\/","title":{"rendered":"J\u00fcrgen Dusel ist neuer Beauftragter der Bundesregierung f\u00fcr Menschen mit Behinderung"},"content":{"rendered":"<p>Am 9. Mai hat J\u00fcrgen Dusel das Amt des Beauftragten der Bundesregierung f\u00fcr die Belange von Menschen mit Behinderungen \u00fcbernommen. Ich bin \u00fcberzeugt, dass er dieses Amt ebenso engagiert und erfolgreich ausf\u00fcllen wird wie seine Vorg\u00e4ngerin Verena Bentele.<\/p>\n<p>Die SPD-Bundestagsfraktion hat sich in dieser Legislaturperiode einiges vorgenommen, um die Situation von Menschen mit Behinderungen zu verbessern: Der inklusive Arbeitsmarkt und die Assistierte Ausbildung sollen weiterentwickelt, die Bezahlung und Mitbestimmung in Werkst\u00e4tten f\u00fcr Menschen mit Behinderungen ausgebaut werden. Sie wird Menschen mit Behinderungen auch dadurch den R\u00fccken st\u00e4rken, dass weiter Barrieren in allen Bereichen \u2013 Wohnen, Mobilit\u00e4t, Kommunikation und Unter-<br \/>\nhaltung \u2013 abgebaut werden. Einen weiteren Schwerpunkt haben sie in dieser Legislaturperiode darauf gelegt, die inklusive Bildung voranzutreiben. Dar\u00fcber hinaus soll die Aufkl\u00e4rung von und den Schutz vor Gewalt gegen Menschen mit Behinderungen deutlich verbessert werden. Die Umsetzung des Bundesteilhabegesetzes, des gr\u00f6\u00dften sozialpolitischen Reformprojekts der vergangenen Wahlperiode, wird au\u00dferdem intensiv begleitet werden.<\/p>\n<p>Die Umsetzung der zahlreichen behindertenpolitischen Vorhaben, die im Koalitionsvertrag verankert wurden, ist keine kleine Aufgabe. Deswegen begr\u00fc\u00dft es die SPD-Bundestagsfraktion sehr, dass J\u00fcrgen Dusel, der zuvor Brandenburgischer Landesbehindertenbeauftragter war, seine langj\u00e4hrige Erfahrung als Vertreter der Anliegen der Menschen mit Behinderungen k\u00fcnftig in den Umsetzungsprozess einbringen wird. Er ist f\u00fcr dieses Amt genau der Richtige.<\/p>\n","protected":false},"excerpt":{"rendered":"<p>Am 9. Mai hat J\u00fcrgen Dusel das Amt des Beauftragten der Bundesregierung f\u00fcr die Belange von Menschen mit Behinderungen \u00fcbernommen. Ich bin \u00fcberzeugt, dass er dieses Amt ebenso engagiert und erfolgreich ausf\u00fcllen wird wie seine Vorg\u00e4ngerin Verena Bentele. Die SPD-Bundestagsfraktion hat sich in dieser Legislaturperiode einiges vorgenommen, um die Situation von Menschen mit Behinderungen zu [&hellip;]<\/p>\n","protected":false},"author":2,"featured_media":0,"comment_status":"closed","ping_status":"open","sticky":false,"template":"","format":"standard","meta":{"ngg_post_thumbnail":0,"footnotes":""},"categories":[4,1],"tags":[],"class_list":["post-715","post","type-post","status-publish","format-standard","hentry","category-aktuell","category-allgemein"],"translation":{"provider":"WPGlobus","version":"3.0.2","language":"dx","enabled_languages":["de","dx"],"languages":{"de":{"title":true,"content":true,"excerpt":false},"dx":{"title":false,"content":false,"excerpt":false}}},"_links":{"self":[{"href":"https:\/\/www.xn--regina-jck-x5a.de\/dx\/wp-json\/wp\/v2\/posts\/715","targetHints":{"allow":["GET"]}}],"collection":[{"href":"https:\/\/www.xn--regina-jck-x5a.de\/dx\/wp-json\/wp\/v2\/posts"}],"about":[{"href":"https:\/\/www.xn--regina-jck-x5a.de\/dx\/wp-json\/wp\/v2\/types\/post"}],"author":[{"embeddable":true,"href":"https:\/\/www.xn--regina-jck-x5a.de\/dx\/wp-json\/wp\/v2\/users\/2"}],"replies":[{"embeddable":true,"href":"https:\/\/www.xn--regina-jck-x5a.de\/dx\/wp-json\/wp\/v2\/comments?post=715"}],"version-history":[{"count":2,"href":"https:\/\/www.xn--regina-jck-x5a.de\/dx\/wp-json\/wp\/v2\/posts\/715\/revisions"}],"predecessor-version":[{"id":717,"href":"https:\/\/www.xn--regina-jck-x5a.de\/dx\/wp-json\/wp\/v2\/posts\/715\/revisions\/717"}],"wp:attachment":[{"href":"https:\/\/www.xn--regina-jck-x5a.de\/dx\/wp-json\/wp\/v2\/media?parent=715"}],"wp:term":[{"taxonomy":"category","embeddable":true,"href":"https:\/\/www.xn--regina-jck-x5a.de\/dx\/wp-json\/wp\/v2\/categories?post=715"},{"taxonomy":"post_tag","embeddable":true,"href":"https:\/\/www.xn--regina-jck-x5a.de\/dx\/wp-json\/wp\/v2\/tags?post=715"}],"curies":[{"name":"wp","href":"https:\/\/api.w.org\/{rel}","templated":true}]}}