{"id":369,"date":"2015-01-25T15:41:33","date_gmt":"2015-01-25T13:41:33","guid":{"rendered":"http:\/\/www.xn--regina-jck-x5a.de\/?p=369"},"modified":"2015-01-25T15:41:33","modified_gmt":"2015-01-25T13:41:33","slug":"versprechen-gehalten-rede-in-der-buergerschaft-am-21-1-2015","status":"publish","type":"post","link":"https:\/\/www.xn--regina-jck-x5a.de\/dx\/2015\/01\/versprechen-gehalten-rede-in-der-buergerschaft-am-21-1-2015\/","title":{"rendered":"Versprechen gehalten! Rede in der B\u00fcrgerschaft am 21.1.2015"},"content":{"rendered":"<p>Sehr geehrte Frau Pr\u00e4sidentin,<br \/>\nSehr geehrte Damen und Herren,<\/p>\n<p>Versprechen &#8211; Gehalten<\/p>\n<p>2009 trat die UN-Konvention \u00fcber die Rechte von Menschen mit Behinderung in Deutschland in Kraft.<\/p>\n<p>Am 18.Dezember 2012  verabschiedete der Hamburger Senat den Landesaktionsplan zu deren Umsetzung.<\/p>\n<p>Bereits bestehende Menschenrechte k\u00f6nnen somit Schritt f\u00fcr Schritt f\u00fcr die Lebenssituation von Menschen mit Behinderung konkretisiert werden. <\/p>\n<p>Und das ist gut so.<\/p>\n<p>In Hamburg haben wir, die SPD B\u00fcrgerschaftsfraktion, \u2013 und das ist das Besondere &#8211; die Inklusion von Anbeginn als gesamtgesellschaftliche Aufgabe wahrgenommen und weiterentwickelt mit den Menschen mit Behinderung und deren Interessenvertreter.<\/p>\n<p>Seit 6. Januar liegt uns nun der Bericht des Senats \u00fcber die Umsetzung vor. Der Bericht dokumentiert den erreichten Stand seit Verabschiedung des Landesaktionsplans vor 2 Jahren sowie \u00dcberlegungen zu dessen<br \/>\nWeiterentwicklung.<\/p>\n<p>Auf diese Leistung, eine Leistung unseres Senats, sind wir stolz.<\/p>\n<p>Mit dem Landesaktionsplan wurde ein Instrument zur Umsetzung der UN-Konvention geschaffen. Die Umsetzung ist ein auf Dauer angelegter Prozess.<\/p>\n<p>Unter der Federf\u00fchrung der Beh\u00f6rde f\u00fcr Arbeit, Soziales, Familie und Integration mit Beteiligung der Senatskoordinatorin f\u00fcr die Gleichstellung von Menschen mit Behinderung haben alle Fachbeh\u00f6rden und die Bezirke die im Landesaktionsplan beschriebenen Ma\u00dfnahmen bearbeitet.<\/p>\n<p>Wichtig dabei ist die Einbeziehung der Interessenvertretungen von Menschen mit Behinderung, insbesondere der Landesbeirat zur Teilhabe behinderter Menschen und die Landesarbeitsgemeinschaft f\u00fcr behinderte Menschen. Es wurde ein breit angelegter partizipativer Prozess mit \u00f6ffentlicher Anh\u00f6rung der Zivilbev\u00f6lkerung eingeleitet. Die Vorschl\u00e4ge wurden aufgenommen und ausgewertet und m\u00fcndeten am 23. Oktober 2013 in ein B\u00fcrgerschaftliches  Ersuchen an den Senat. <\/p>\n<p>Der Bericht zum Landesaktionsplan beinhaltet das Ergebnis der umfassenden Umsetzung dieses Ersuchens und folgende Handlungsfelder:<\/p>\n<p>Bildung \u2013 fr\u00fchkindliche Bildung, Elementarbildung, schulische Bildung, Hochschulbildung<\/p>\n<p>Arbeit und Besch\u00e4ftigung<\/p>\n<p>Selbstbestimmt leben und einbezogen sein in die Gemeinschaft \u2013 in Bezug auf Bauen\/Wohnen\/Stadtentwicklung, Verkehr und Weiterentwicklung des Hilfesystems<\/p>\n<p>Gesundheit<\/p>\n<p>Frauen und Behinderung<\/p>\n<p>Zugang zu Informationen<\/p>\n<p>Bewusstseinsbildung<\/p>\n<p>Gleiche Anerkennung vor dem Recht \u2013 Freiheit und Sicherheit der Person<\/p>\n<p>Was wurde nun in einzelnen Handlungsfeldern erreicht?  &#8211; hier Beispiele aus dem 104 seitigen Bericht<\/p>\n<p>\u2022\tBarrierefreier Ausbau der Haltestellen im \u00f6ffentlichen Personennahverkehr<\/p>\n<p>(51 U-Bahnhaltestellen sind fertiggestellt, in 2015  kommen 6 weitere dazu, bis 2020 werden es 91 sein. Und auch die Bushaltestellen und die S-Bahn-Haltestellen werden barrierefreie ausgestaltet)<\/p>\n<p>\u2022\tVerbesserung der medizinisch-diagnostischen Versorgung f\u00fcr schwerst- und mehrfachbehinderte Menschen mit sehr hohem Unterst\u00fctzungsbedarf  <\/p>\n<p>(Das Gesetzgebungsverfahren dazu befindet sich auf Initiative unserer Gesundheitssenatorin auf dem Weg)<br \/>\n\u2022\tHamburger Budget f\u00fcr Arbeit<\/p>\n<p>Hier konnte der Senat einen Meilenstein setzen!<br \/>\nBesch\u00e4ftigte aus Werkst\u00e4tten f\u00fcr Menschen mit Behinderungen werden mit Hilfe eines Leistungsb\u00fcndnisses in sozialversicherungspflichtige Arbeitsverh\u00e4ltnisse vermittelt. Bis zum 30.9. 2014 waren es 83 Menschen.<\/p>\n<p>Der Erfolg gibt uns Recht. Wir sind auf dem richtigen Weg.<\/p>\n<p>Viel ist erreicht, und es muss noch mehr getan werden.<\/p>\n<p>Das ist mir und meiner Fraktion wichtig. Auch in Zukunft wollen wir &#8211; die SPD Hamburg &#8211; sagen:<\/p>\n<p>Versprechen \u2013 Gehalten<br \/>\nVor diesem Hintergrund ist der Ausblick auf die Weiterentwicklung des Landesaktionsplans wichtig.<\/p>\n<p>Er wird um neue Handlungsfelder erweitert, damit Menschen mit und ohne Behinderung noch mehr als bisher auch in den Bereichen Politik, Kultur, Sport, Freizeit gemeinsam aktiv sein k\u00f6nnen.<\/p>\n<p>Sehr geehrte Damen und Herren,m\u00e4chtige Anstrengungen wurden unternommen, um all das zu Bewirken.<\/p>\n<p>Meine Fraktion und ich bedanken uns ganz herzlich bei allen Beteiligten und besonders bei den Interessenvertreterinnen &#8211; und Vertretern, der Senatskoordinatorin f\u00fcr die Gleichstellung von Menschen mit Behinderung und allen Beh\u00f6rdenmitarbeiterinnen &#8211; und Mitarbeitern.<\/p>\n<p>Voller Stolz und Freude sehen meine Fraktion und ich auf das Erreichte in Hamburg, unserer Stadt.<\/p>\n<p>Uns allen, die diese Arbeiten unterst\u00fctzen, wird immer wieder deutlich, dass es noch viele Ziele gibt, die wir gemeinsam erreichen m\u00fcssen, erreichen wollen, erreichen k\u00f6nnen.<\/p>\n<p>Diese gesellschaftlich wichtigen und hohen Ziele wird die SPD Fraktion weiter umsetzen. Gemeinsam. Gemeinsam Inklusion verwirklichen, Gemeinsam Inklusion leben mit allen Hamburgerinnen und Hamburgern.<\/p>\n<p>Wir werden auch weiterhin unsere Versprechen halten!<\/p>\n<p>Vielen Dank.<\/p>\n","protected":false},"excerpt":{"rendered":"<p>Sehr geehrte Frau Pr\u00e4sidentin, Sehr geehrte Damen und Herren, Versprechen &#8211; Gehalten 2009 trat die UN-Konvention \u00fcber die Rechte von Menschen mit Behinderung in Deutschland in Kraft. Am 18.Dezember 2012 verabschiedete der Hamburger Senat den Landesaktionsplan zu deren Umsetzung. Bereits bestehende Menschenrechte k\u00f6nnen somit Schritt f\u00fcr Schritt f\u00fcr die Lebenssituation von Menschen mit Behinderung konkretisiert [&hellip;]<\/p>\n","protected":false},"author":2,"featured_media":0,"comment_status":"open","ping_status":"open","sticky":false,"template":"","format":"standard","meta":{"ngg_post_thumbnail":0,"footnotes":""},"categories":[1],"tags":[],"class_list":["post-369","post","type-post","status-publish","format-standard","hentry","category-allgemein"],"translation":{"provider":"WPGlobus","version":"3.0.2","language":"dx","enabled_languages":["de","dx"],"languages":{"de":{"title":true,"content":true,"excerpt":false},"dx":{"title":false,"content":false,"excerpt":false}}},"_links":{"self":[{"href":"https:\/\/www.xn--regina-jck-x5a.de\/dx\/wp-json\/wp\/v2\/posts\/369","targetHints":{"allow":["GET"]}}],"collection":[{"href":"https:\/\/www.xn--regina-jck-x5a.de\/dx\/wp-json\/wp\/v2\/posts"}],"about":[{"href":"https:\/\/www.xn--regina-jck-x5a.de\/dx\/wp-json\/wp\/v2\/types\/post"}],"author":[{"embeddable":true,"href":"https:\/\/www.xn--regina-jck-x5a.de\/dx\/wp-json\/wp\/v2\/users\/2"}],"replies":[{"embeddable":true,"href":"https:\/\/www.xn--regina-jck-x5a.de\/dx\/wp-json\/wp\/v2\/comments?post=369"}],"version-history":[{"count":1,"href":"https:\/\/www.xn--regina-jck-x5a.de\/dx\/wp-json\/wp\/v2\/posts\/369\/revisions"}],"predecessor-version":[{"id":370,"href":"https:\/\/www.xn--regina-jck-x5a.de\/dx\/wp-json\/wp\/v2\/posts\/369\/revisions\/370"}],"wp:attachment":[{"href":"https:\/\/www.xn--regina-jck-x5a.de\/dx\/wp-json\/wp\/v2\/media?parent=369"}],"wp:term":[{"taxonomy":"category","embeddable":true,"href":"https:\/\/www.xn--regina-jck-x5a.de\/dx\/wp-json\/wp\/v2\/categories?post=369"},{"taxonomy":"post_tag","embeddable":true,"href":"https:\/\/www.xn--regina-jck-x5a.de\/dx\/wp-json\/wp\/v2\/tags?post=369"}],"curies":[{"name":"wp","href":"https:\/\/api.w.org\/{rel}","templated":true}]}}