{"id":2484,"date":"2026-04-30T14:33:58","date_gmt":"2026-04-30T12:33:58","guid":{"rendered":"https:\/\/www.xn--regina-jck-x5a.de\/?p=2484"},"modified":"2026-04-30T14:33:58","modified_gmt":"2026-04-30T12:33:58","slug":"mohammad-nadeem-erhaelt-bundesverdienstorden","status":"publish","type":"post","link":"https:\/\/www.xn--regina-jck-x5a.de\/dx\/2026\/04\/mohammad-nadeem-erhaelt-bundesverdienstorden\/","title":{"rendered":"Mohammad Nadeem erh\u00e4lt Bundesverdienstorden"},"content":{"rendered":"<p><strong>Senator Brosda \u00fcberreicht Auszeichnung f\u00fcr Nadeems Engagement f\u00fcr Integration, Demokratief\u00f6rderung und kulturellen Austausch<\/strong><\/p>\n<p>Der Islam- und Nahostwissenschaftler und Autor Mohammad Nadeem engagiert sich seit mehr als 15 Jahren ehrenamtlich und beruflich in verschiedenen Bereichen der Integrations- und Bildungsarbeit und setzt sich f\u00fcr ein respekt- und friedvolles Miteinander in der Stadt ein. Kultur- und Mediensenator Dr. Carsten Brosda hat ihm im Hamburger Rathaus daf\u00fcr heute das Verdienstkreuz am Bande des Verdienstordens der Bundesrepublik Deutschland \u00fcberreicht. <\/p>\n<p>Dr. Carsten Brosda, Senator f\u00fcr Kultur und Medien: \u201eMit seinem vielf\u00e4ltigen herausragenden Einsatz ist der Autor, Islam- und Nahostwissenschaftler Mohammad Nadeem ein Br\u00fcckenbauer zwischen den Kulturen und Vorbild f\u00fcr Toleranz, Dialog und gesellschaftlichen Zusammenhalt in Hamburg. Mit seinen publizistischen Arbeiten und seinen Bildungsangeboten f\u00fcr Gefl\u00fcchtete er\u00f6ffnet er neue Wege des kulturellen Austauschs. Mohammad Nadeem zeigt, dass gesellschaftlicher Zusammenhalt das Ergebnis von Engagement, Offenheit und gegenseitigem Respekt ist. Mit der Verleihung des Verdienstordens w\u00fcrdigen wir nicht nur seine Verdienste, sondern auch die Werte, f\u00fcr die er steht.\u201c<\/p>\n<p>Mohammad Nadeem: \u201eDemokratie zu f\u00f6rdern und gegen Radikalisierung zu arbeiten, war f\u00fcr mich nie eine Frage der Anerkennung, sondern immer eine der \u00dcberzeugung. Dass mein Engagement nun so gew\u00fcrdigt wird, macht mich unglaublich dankbar. Ich sehe die Auszeichnung als Ansporn: Ich werde weiter Br\u00fccken bauen, f\u00fcr dieses Land, das meinen Eltern eine sichere Heimat und mir eine starke Stimme geschenkt hat.\u201c <\/p>\n<p>Zur Person<br \/>\nMohammad Saboor Nadeem wurde 1990 in Hamburg geboren und ist hier aufgewachsen. Nach dem Abitur studierte er Islam- und Nahostwissenschaften. Bereits w\u00e4hrend seiner akademischen Ausbildung widmete er sich intensiv gesellschaftlichen Fragestellungen rund um Integration, Toleranz und interkulturellen Dialog. <\/p>\n<p>\u00dcber ein Jahrzehnt lang schrieb er ehrenamtlich f\u00fcr das Online-Magazin \u201eDas Milieu\u201c und setzte sich dort insbesondere mit den Themen Demokratie, gesellschaftlicher Zusammenhalt und Radikalisierungspr\u00e4vention auseinander. 2010 initiierte er mit Unterst\u00fctzung der Bezirksversammlung Altona einen interreligi\u00f6sen Dialog, war als zubenannter B\u00fcrger in den Aussch\u00fcssen f\u00fcr Jugendhilfe sowie Kultur und Bildung aktiv und beteiligte sich 2012 am Jugend-Integrationsgipfel in Hamburg.<\/p>\n<p>2015 bis 2018 unterbrach Nadeem seine akademische Laufbahn, um sich in der Fl\u00fcchtlingsarbeit zu engagieren. Er arbeitete unter anderem bei F\u00f6rdern &#038; Wohnen, dem Deutschen Roten Kreuz Hamburg-Harburg und der Landeszentrale f\u00fcr politische Bildung. Im Rahmen eines Senatsauftrags entwickelte er Bildungsangebote zur Wertevermittlung in zahlreichen Erstaufnahmen in Hamburg. Seit 2020 engagiert sich Mohammad Nadeem im Verein \u201eWirsprechenfotografisch e. V.\u201c, der durch Fotografie neue Wege des kulturellen Austauschs er\u00f6ffnet und insbesondere Kinder, Jugendliche sowie Menschen mit Fluchthintergrund zur aktiven Mitgestaltung einl\u00e4dt.<\/p>\n","protected":false},"excerpt":{"rendered":"<p>Senator Brosda \u00fcberreicht Auszeichnung f\u00fcr Nadeems Engagement f\u00fcr Integration, Demokratief\u00f6rderung und kulturellen Austausch Der Islam- und Nahostwissenschaftler und Autor Mohammad Nadeem engagiert sich seit mehr als 15 Jahren ehrenamtlich und beruflich in verschiedenen Bereichen der Integrations- und Bildungsarbeit und setzt sich f\u00fcr ein respekt- und friedvolles Miteinander in der Stadt ein. Kultur- und Mediensenator Dr. [&hellip;]<\/p>\n","protected":false},"author":2,"featured_media":0,"comment_status":"closed","ping_status":"open","sticky":false,"template":"","format":"standard","meta":{"ngg_post_thumbnail":0,"footnotes":""},"categories":[1],"tags":[],"class_list":["post-2484","post","type-post","status-publish","format-standard","hentry","category-allgemein"],"translation":{"provider":"WPGlobus","version":"3.0.2","language":"dx","enabled_languages":["de","dx"],"languages":{"de":{"title":true,"content":true,"excerpt":false},"dx":{"title":false,"content":false,"excerpt":false}}},"_links":{"self":[{"href":"https:\/\/www.xn--regina-jck-x5a.de\/dx\/wp-json\/wp\/v2\/posts\/2484","targetHints":{"allow":["GET"]}}],"collection":[{"href":"https:\/\/www.xn--regina-jck-x5a.de\/dx\/wp-json\/wp\/v2\/posts"}],"about":[{"href":"https:\/\/www.xn--regina-jck-x5a.de\/dx\/wp-json\/wp\/v2\/types\/post"}],"author":[{"embeddable":true,"href":"https:\/\/www.xn--regina-jck-x5a.de\/dx\/wp-json\/wp\/v2\/users\/2"}],"replies":[{"embeddable":true,"href":"https:\/\/www.xn--regina-jck-x5a.de\/dx\/wp-json\/wp\/v2\/comments?post=2484"}],"version-history":[{"count":2,"href":"https:\/\/www.xn--regina-jck-x5a.de\/dx\/wp-json\/wp\/v2\/posts\/2484\/revisions"}],"predecessor-version":[{"id":2486,"href":"https:\/\/www.xn--regina-jck-x5a.de\/dx\/wp-json\/wp\/v2\/posts\/2484\/revisions\/2486"}],"wp:attachment":[{"href":"https:\/\/www.xn--regina-jck-x5a.de\/dx\/wp-json\/wp\/v2\/media?parent=2484"}],"wp:term":[{"taxonomy":"category","embeddable":true,"href":"https:\/\/www.xn--regina-jck-x5a.de\/dx\/wp-json\/wp\/v2\/categories?post=2484"},{"taxonomy":"post_tag","embeddable":true,"href":"https:\/\/www.xn--regina-jck-x5a.de\/dx\/wp-json\/wp\/v2\/tags?post=2484"}],"curies":[{"name":"wp","href":"https:\/\/api.w.org\/{rel}","templated":true}]}}