{"id":1264,"date":"2023-03-21T14:57:21","date_gmt":"2023-03-21T12:57:21","guid":{"rendered":"https:\/\/www.xn--regina-jck-x5a.de\/?p=1264"},"modified":"2023-03-21T14:57:21","modified_gmt":"2023-03-21T12:57:21","slug":"internationaler-welt-down-syndrom-tag","status":"publish","type":"post","link":"https:\/\/www.xn--regina-jck-x5a.de\/dx\/2023\/03\/internationaler-welt-down-syndrom-tag\/","title":{"rendered":"Internationaler Welt-Down-Syndrom-Tag"},"content":{"rendered":"<p>Bis Ende M\u00e4rz wird im Hamburger Rathaus die Portraitausstellung \u201eNehmt unsere W\u00fcnsch ernst\u201c gezeigt. Ich lade Sie herzlich ein, sich die Ausstellung von &#8220;kidshamburg&#8221; anzusehen.<\/p>\n<p>Menschen mit Down-Syndrom geh\u00f6ren zu unserer Gesellschaft, sie wollen akzeptiert und ernst genommen werden. Sie sollten Teil unserer Gesellschaft sein. Sie wollen sich einbringen, um wertvoll zu sein.<\/p>\n<p>Menschen mit Down-Syndrom in Hamburg m\u00f6chten, dass die Politiker: innen ihnen zuh\u00f6ren.<br \/>\nW\u00e4hrend unsere Gesellschaft \u00fcber Arbeitsmarktprobleme wie dem Fachkr\u00e4ftemangel klagt,<br \/>\nwerden Menschen mit Down-Syndrom, die ein Teil des allgemeinen Arbeitsmarktes sein k\u00f6nnten,<br \/>\nnoch immer nicht entsprechend ihrer M\u00f6glichkeiten ausgebildet. Meist erhalten sie keinen regul\u00e4ren Schulabschluss und damit keine Ausbildungsperspektive auf dem ersten Arbeitsmarkt.<\/p>\n<p>Die Hamburger Politik, die Beh\u00f6rden und die Wirtschaft sollten mit gutem Beispiel voran gehen.<br \/>\nDaf\u00fcr braucht es die richtigen politischen Rahmenbedingungen. Partizipation kann nur durch Teilhabe erreicht werden.<\/p>\n<p>Au\u00dferdem brauchen wir eine gesamtgesellschaftliche Diskussion zu pr\u00e4natalen Testverfahren (NIPT), passende Entlastungsm\u00f6glichkeiten f\u00fcr pflegende Angeh\u00f6rige sowie innovative Wohnkonzepte auch speziell f\u00fcr \u00e4ltere Menschen mit Down-Syndrom in unserer Metropole Hamburg.<br \/>\nMehr Infos unter: https:\/\/kidshamburg.de<\/p>\n","protected":false},"excerpt":{"rendered":"<p>Bis Ende M\u00e4rz wird im Hamburger Rathaus die Portraitausstellung \u201eNehmt unsere W\u00fcnsch ernst\u201c gezeigt. Ich lade Sie herzlich ein, sich die Ausstellung von &#8220;kidshamburg&#8221; anzusehen. Menschen mit Down-Syndrom geh\u00f6ren zu unserer Gesellschaft, sie wollen akzeptiert und ernst genommen werden. Sie sollten Teil unserer Gesellschaft sein. Sie wollen sich einbringen, um wertvoll zu sein. Menschen mit [&hellip;]<\/p>\n","protected":false},"author":2,"featured_media":0,"comment_status":"closed","ping_status":"open","sticky":false,"template":"","format":"standard","meta":{"ngg_post_thumbnail":0,"footnotes":""},"categories":[4,1],"tags":[],"class_list":["post-1264","post","type-post","status-publish","format-standard","hentry","category-aktuell","category-allgemein"],"translation":{"provider":"WPGlobus","version":"3.0.2","language":"dx","enabled_languages":["de","dx"],"languages":{"de":{"title":true,"content":true,"excerpt":false},"dx":{"title":false,"content":false,"excerpt":false}}},"_links":{"self":[{"href":"https:\/\/www.xn--regina-jck-x5a.de\/dx\/wp-json\/wp\/v2\/posts\/1264","targetHints":{"allow":["GET"]}}],"collection":[{"href":"https:\/\/www.xn--regina-jck-x5a.de\/dx\/wp-json\/wp\/v2\/posts"}],"about":[{"href":"https:\/\/www.xn--regina-jck-x5a.de\/dx\/wp-json\/wp\/v2\/types\/post"}],"author":[{"embeddable":true,"href":"https:\/\/www.xn--regina-jck-x5a.de\/dx\/wp-json\/wp\/v2\/users\/2"}],"replies":[{"embeddable":true,"href":"https:\/\/www.xn--regina-jck-x5a.de\/dx\/wp-json\/wp\/v2\/comments?post=1264"}],"version-history":[{"count":2,"href":"https:\/\/www.xn--regina-jck-x5a.de\/dx\/wp-json\/wp\/v2\/posts\/1264\/revisions"}],"predecessor-version":[{"id":1266,"href":"https:\/\/www.xn--regina-jck-x5a.de\/dx\/wp-json\/wp\/v2\/posts\/1264\/revisions\/1266"}],"wp:attachment":[{"href":"https:\/\/www.xn--regina-jck-x5a.de\/dx\/wp-json\/wp\/v2\/media?parent=1264"}],"wp:term":[{"taxonomy":"category","embeddable":true,"href":"https:\/\/www.xn--regina-jck-x5a.de\/dx\/wp-json\/wp\/v2\/categories?post=1264"},{"taxonomy":"post_tag","embeddable":true,"href":"https:\/\/www.xn--regina-jck-x5a.de\/dx\/wp-json\/wp\/v2\/tags?post=1264"}],"curies":[{"name":"wp","href":"https:\/\/api.w.org\/{rel}","templated":true}]}}