{"id":1261,"date":"2023-03-01T13:43:02","date_gmt":"2023-03-01T11:43:02","guid":{"rendered":"https:\/\/www.xn--regina-jck-x5a.de\/?p=1261"},"modified":"2023-02-28T13:45:51","modified_gmt":"2023-02-28T11:45:51","slug":"entlastungspakete-auf-grund-steigender-energiekosten-in-einfacher-sprache","status":"publish","type":"post","link":"https:\/\/www.xn--regina-jck-x5a.de\/dx\/2023\/03\/entlastungspakete-auf-grund-steigender-energiekosten-in-einfacher-sprache\/","title":{"rendered":"Entlastungspakete auf Grund steigender Energiekosten in einfacher Sprache"},"content":{"rendered":"<p>\u201eWir von Selbst Aktiv wollen uns einerseits innerhalb der SPD engagieren. Aber insbesondere wollen wir auch behinderten Menschen den Zugang zu den konkreten Auswirkungen von Politik er\u00f6ffnen\u201c, so die stellvertretende Bundesvorsitzende von Selbst Aktiv, Anne Kleinschnieder. Sie hat in Zusammenarbeit mit dem Bundesvorstand von Selbst Aktiv eine Handreichung zu den Entlastungspaketen der SPD-gef\u00fchrten Bundesregierung erstellt. Dies bewusst in einfacher Sprache. \u201eWer sich \u00fcber das k\u00fcnftig erh\u00f6hte Kindergeld oder konkrete Leistungen auf Grund der steigenden Energiekosten informieren will, ist bei dieser Kurzinformation an der richtigen Adresse\u201c, so die Bundesvorsitzenden Karl Finke und Katrin Gensecke.<\/p>\n<p>\u201eKommunikation auch mit dem Personenkreis, der auf einfache Sprache angewiesen ist, ist einer unserer Schwerpunkte von Selbst Aktiv. Es unterstreicht unseren Anspruch, die Interessen und Belange von Menschen mit Behinderungen in Politik und Gesellschaft einzubringen\u201c, so die Bundesvorsitzenden abschlie\u00dfend.<\/p>\n<p>Die kurze Handreichung kann unproblematisch auf der Internetseite (<a href=\"https:\/\/view.officeapps.live.com\/op\/view.aspx?src=https%3A%2F%2Fselbstaktiv.spd.de%2Ffileadmin%2Fuser_upload%2FEntlastungspakete_in_einfacher_Sprache.docx&#038;wdOrigin=BROWSELINK\">Link<\/a>) von &#8220;Selbst aktiv&#8221; heruntergeladen werden. F\u00fcr Hinweise sind wir dankbar. F\u00fcr Mitarbeit ebenso.<\/p>\n","protected":false},"excerpt":{"rendered":"<p>\u201eWir von Selbst Aktiv wollen uns einerseits innerhalb der SPD engagieren. Aber insbesondere wollen wir auch behinderten Menschen den Zugang zu den konkreten Auswirkungen von Politik er\u00f6ffnen\u201c, so die stellvertretende Bundesvorsitzende von Selbst Aktiv, Anne Kleinschnieder. Sie hat in Zusammenarbeit mit dem Bundesvorstand von Selbst Aktiv eine Handreichung zu den Entlastungspaketen der SPD-gef\u00fchrten Bundesregierung erstellt. [&hellip;]<\/p>\n","protected":false},"author":2,"featured_media":0,"comment_status":"closed","ping_status":"open","sticky":false,"template":"","format":"standard","meta":{"ngg_post_thumbnail":0,"footnotes":""},"categories":[1],"tags":[],"class_list":["post-1261","post","type-post","status-publish","format-standard","hentry","category-allgemein"],"translation":{"provider":"WPGlobus","version":"3.0.2","language":"dx","enabled_languages":["de","dx"],"languages":{"de":{"title":true,"content":true,"excerpt":false},"dx":{"title":false,"content":false,"excerpt":false}}},"_links":{"self":[{"href":"https:\/\/www.xn--regina-jck-x5a.de\/dx\/wp-json\/wp\/v2\/posts\/1261","targetHints":{"allow":["GET"]}}],"collection":[{"href":"https:\/\/www.xn--regina-jck-x5a.de\/dx\/wp-json\/wp\/v2\/posts"}],"about":[{"href":"https:\/\/www.xn--regina-jck-x5a.de\/dx\/wp-json\/wp\/v2\/types\/post"}],"author":[{"embeddable":true,"href":"https:\/\/www.xn--regina-jck-x5a.de\/dx\/wp-json\/wp\/v2\/users\/2"}],"replies":[{"embeddable":true,"href":"https:\/\/www.xn--regina-jck-x5a.de\/dx\/wp-json\/wp\/v2\/comments?post=1261"}],"version-history":[{"count":2,"href":"https:\/\/www.xn--regina-jck-x5a.de\/dx\/wp-json\/wp\/v2\/posts\/1261\/revisions"}],"predecessor-version":[{"id":1263,"href":"https:\/\/www.xn--regina-jck-x5a.de\/dx\/wp-json\/wp\/v2\/posts\/1261\/revisions\/1263"}],"wp:attachment":[{"href":"https:\/\/www.xn--regina-jck-x5a.de\/dx\/wp-json\/wp\/v2\/media?parent=1261"}],"wp:term":[{"taxonomy":"category","embeddable":true,"href":"https:\/\/www.xn--regina-jck-x5a.de\/dx\/wp-json\/wp\/v2\/categories?post=1261"},{"taxonomy":"post_tag","embeddable":true,"href":"https:\/\/www.xn--regina-jck-x5a.de\/dx\/wp-json\/wp\/v2\/tags?post=1261"}],"curies":[{"name":"wp","href":"https:\/\/api.w.org\/{rel}","templated":true}]}}