{"id":1258,"date":"2023-02-28T12:36:20","date_gmt":"2023-02-28T10:36:20","guid":{"rendered":"https:\/\/www.xn--regina-jck-x5a.de\/?p=1258"},"modified":"2023-02-28T12:36:20","modified_gmt":"2023-02-28T10:36:20","slug":"budget-fuer-arbeit-zugang-zum-arbeitsmarkt-fuer-menschen-mit-behinderung-staerken","status":"publish","type":"post","link":"https:\/\/www.xn--regina-jck-x5a.de\/dx\/2023\/02\/budget-fuer-arbeit-zugang-zum-arbeitsmarkt-fuer-menschen-mit-behinderung-staerken\/","title":{"rendered":"Budget f\u00fcr Arbeit: Zugang zum Arbeitsmarkt f\u00fcr Menschen mit Behinderung st\u00e4rken"},"content":{"rendered":"<p>Mit dem Budget f\u00fcr Arbeit f\u00f6rdert Hamburg die gleichberechtigte Teilhabe von Menschen mit Behinderungen am Arbeitsmarkt. Unternehmen und \u00f6ffentliche Einrichtungen, die Menschen mit Behinderung regul\u00e4r besch\u00e4ftigen, k\u00f6nnen durch das Budget finanziell unterst\u00fctzt werden. Bislang wird diese M\u00f6glichkeit jedoch zu wenig genutzt. Daher beauftragen die Regierungsfraktionen von SPD und Gr\u00fcnen den Senat, st\u00e4rker auf das Instrument und seine Potenziale aufmerksam zu machen und auch \u00f6ffentliche Unternehmen diesbez\u00fcglich zu beraten. \u00dcber den rot-gr\u00fcnen Antrag wird in der kommenden B\u00fcrgerschaftssitzung am 1. M\u00e4rz 2023 abgestimmt.<\/p>\n<p>Dazu Regina J\u00e4ck, Sprecherin f\u00fcr Menschen mit Behinderung der SPD-Fraktion Hamburg: \u201eHamburg ist eine Stadt f\u00fcr alle Menschen. Dazu geh\u00f6rt auch ein gerechter Zugang zum Arbeitsmarkt. Das Budget f\u00fcr Arbeit ist in diesem Zusammenhang ein wertvolles Instrument, das in Hamburg schon 2013 als Modellprojekt erfolgreich eingef\u00fchrt wurde. Doch die finanzielle Unterst\u00fctzung der Arbeitgebenden wird noch zu selten genutzt, um Menschen mit Behinderung auf dem Arbeitsmarkt zu integrieren. Deshalb wollen wir verst\u00e4rkt auf diese M\u00f6glichkeit der Unterst\u00fctzung aufmerksam machen. Gerade in Bereichen mit einem steigenden Bedarf an Fachkr\u00e4ften, kann das Budget f\u00fcr Arbeitgebende und Arbeitnehmende zus\u00e4tzliche Chancen bieten. Das gilt etwa f\u00fcr den Kita-Bereich, wo Menschen mit Behinderung den Alltag der Kinder bereichern k\u00f6nnen und Inklusion gemeinsam gelebt wird. Unser Ziel ist die gleichberechtigte Teilhabe auf dem Arbeitsmarkt. Mit dem Budget f\u00fcr Arbeit kommen wir dem ein ganzes St\u00fcck n\u00e4her.\u201c<\/p>\n","protected":false},"excerpt":{"rendered":"<p>Mit dem Budget f\u00fcr Arbeit f\u00f6rdert Hamburg die gleichberechtigte Teilhabe von Menschen mit Behinderungen am Arbeitsmarkt. Unternehmen und \u00f6ffentliche Einrichtungen, die Menschen mit Behinderung regul\u00e4r besch\u00e4ftigen, k\u00f6nnen durch das Budget finanziell unterst\u00fctzt werden. Bislang wird diese M\u00f6glichkeit jedoch zu wenig genutzt. Daher beauftragen die Regierungsfraktionen von SPD und Gr\u00fcnen den Senat, st\u00e4rker auf das Instrument [&hellip;]<\/p>\n","protected":false},"author":2,"featured_media":0,"comment_status":"closed","ping_status":"open","sticky":false,"template":"","format":"standard","meta":{"ngg_post_thumbnail":0,"footnotes":""},"categories":[4,1],"tags":[],"class_list":["post-1258","post","type-post","status-publish","format-standard","hentry","category-aktuell","category-allgemein"],"translation":{"provider":"WPGlobus","version":"3.0.2","language":"dx","enabled_languages":["de","dx"],"languages":{"de":{"title":true,"content":true,"excerpt":false},"dx":{"title":false,"content":false,"excerpt":false}}},"_links":{"self":[{"href":"https:\/\/www.xn--regina-jck-x5a.de\/dx\/wp-json\/wp\/v2\/posts\/1258","targetHints":{"allow":["GET"]}}],"collection":[{"href":"https:\/\/www.xn--regina-jck-x5a.de\/dx\/wp-json\/wp\/v2\/posts"}],"about":[{"href":"https:\/\/www.xn--regina-jck-x5a.de\/dx\/wp-json\/wp\/v2\/types\/post"}],"author":[{"embeddable":true,"href":"https:\/\/www.xn--regina-jck-x5a.de\/dx\/wp-json\/wp\/v2\/users\/2"}],"replies":[{"embeddable":true,"href":"https:\/\/www.xn--regina-jck-x5a.de\/dx\/wp-json\/wp\/v2\/comments?post=1258"}],"version-history":[{"count":2,"href":"https:\/\/www.xn--regina-jck-x5a.de\/dx\/wp-json\/wp\/v2\/posts\/1258\/revisions"}],"predecessor-version":[{"id":1260,"href":"https:\/\/www.xn--regina-jck-x5a.de\/dx\/wp-json\/wp\/v2\/posts\/1258\/revisions\/1260"}],"wp:attachment":[{"href":"https:\/\/www.xn--regina-jck-x5a.de\/dx\/wp-json\/wp\/v2\/media?parent=1258"}],"wp:term":[{"taxonomy":"category","embeddable":true,"href":"https:\/\/www.xn--regina-jck-x5a.de\/dx\/wp-json\/wp\/v2\/categories?post=1258"},{"taxonomy":"post_tag","embeddable":true,"href":"https:\/\/www.xn--regina-jck-x5a.de\/dx\/wp-json\/wp\/v2\/tags?post=1258"}],"curies":[{"name":"wp","href":"https:\/\/api.w.org\/{rel}","templated":true}]}}