{"id":1213,"date":"2022-11-29T13:40:04","date_gmt":"2022-11-29T11:40:04","guid":{"rendered":"https:\/\/www.xn--regina-jck-x5a.de\/?p=1213"},"modified":"2022-11-29T13:40:04","modified_gmt":"2022-11-29T11:40:04","slug":"mit-aller-kraft-gegen-gewalt-an-frauen","status":"publish","type":"post","link":"https:\/\/www.xn--regina-jck-x5a.de\/dx\/2022\/11\/mit-aller-kraft-gegen-gewalt-an-frauen\/","title":{"rendered":"Mit aller Kraft gegen Gewalt an Frauen"},"content":{"rendered":"<p>Am 25. November ist der Internationale Tag gegen Gewalt an Frauen. Auch im 21. Jahrhundert geh\u00f6rt geschlechtsspezifische Gewalt gegen Frauen zur bitteren Realit\u00e4t. Weltweit, auch in Deutschland. Die SPD-Bundestagsfraktion macht sich daf\u00fcr stark, dass sich das \u00e4ndert &#8211; f\u00fcr ein gewaltfreies Leben f\u00fcr Frauen.<\/p>\n<p>Leni Breymaier, frauenpolitische Sprecherin der SPD-Bundestagsfraktion:<br \/>\n\u201eSeit Wochen gehen Frauen und M\u00e4nner im Iran auf die Stra\u00dfe, um f\u00fcr Freiheit und Frauenrechte zu k\u00e4mpfen. Das brutale Vorgehen des iranischen Regimes gegen Demonstrierende verurteilen wir aufs Sch\u00e4rfste und stehen solidarisch an der Seite derjenigen, die mit ihrem unfassbaren Mut f\u00fcr eine freie Gesellschaft k\u00e4mpfen.<br \/>\nF\u00fcr die SPD-Fraktion hat der Kampf gegen Gewalt an Frauen h\u00f6chste Priorit\u00e4t. Wir setzen uns f\u00fcr eine ressort\u00fcbergreifende Strategie gegen Gewalt ein. Dabei wollen wir besonders die Gewaltpr\u00e4vention und Rechte der Betroffenen in den Fokus nehmen. Als wichtigstes v\u00f6lkerrechtliches Instrument im Kampf gegen Gewalt an Frauen werden wir die Istanbul-Konvention mit einer staatlichen Koordinierungsstelle vollst\u00e4ndig umsetzen. Gewalt gegen Frauen ist menschenverachtend. Daher werden wir das Strafrecht konkretisieren und geschlechtsspezifische Tatmotive ausdr\u00fccklich in die Liste menschenverachtender Tatmotive aufnehmen. Ist eine Straftat durch das Geschlecht des Opfers motiviert, soll dies zu einer Versch\u00e4rfung der Strafe f\u00fchren.\u201c<\/p>\n<p>Ariane F\u00e4scher, zust\u00e4ndige Berichterstatterin:<br \/>\n\u201eGewaltbetroffene Frauen brauchen verl\u00e4sslichen Schutz. Das Recht darauf werden wir f\u00fcr jede Frau und ihre Kinder absichern. Mit dem Bundesf\u00f6rderprogramm \u201aGemeinsam gegen Gewalt an Frauen\u2018 f\u00f6rdern wir bereits erfolgreich den bundesweiten Ausbau von Frauenh\u00e4usern und Fachberatungsstellen. Wir werden einen bundeseinheitlichen Rechtsrahmen f\u00fcr eine verl\u00e4ssliche Finanzierung von Frauenh\u00e4usern sicherstellen und das Hilfesystem bedarfsgerecht ausbauen. K\u00fcnftig ist eine Bundesbeteiligung an der Regelfinanzierung vorgesehen.<br \/>\nUnser Koalitionsvertrag ist auch ein Vertrag f\u00fcr ein gewaltfreies Leben f\u00fcr Frauen. Die Beseitigung geschlechtsspezifischer Gewalt sowie der Schutz und die Unterst\u00fctzung der Betroffenen m\u00fcssen immer ganz oben auf der politischen Agenda stehen. Daf\u00fcr machen wir uns stark.\u201c<\/p>\n","protected":false},"excerpt":{"rendered":"<p>Am 25. November ist der Internationale Tag gegen Gewalt an Frauen. Auch im 21. Jahrhundert geh\u00f6rt geschlechtsspezifische Gewalt gegen Frauen zur bitteren Realit\u00e4t. Weltweit, auch in Deutschland. Die SPD-Bundestagsfraktion macht sich daf\u00fcr stark, dass sich das \u00e4ndert &#8211; f\u00fcr ein gewaltfreies Leben f\u00fcr Frauen. Leni Breymaier, frauenpolitische Sprecherin der SPD-Bundestagsfraktion: \u201eSeit Wochen gehen Frauen und [&hellip;]<\/p>\n","protected":false},"author":2,"featured_media":0,"comment_status":"closed","ping_status":"open","sticky":false,"template":"","format":"standard","meta":{"ngg_post_thumbnail":0,"footnotes":""},"categories":[4,1],"tags":[],"class_list":["post-1213","post","type-post","status-publish","format-standard","hentry","category-aktuell","category-allgemein"],"translation":{"provider":"WPGlobus","version":"3.0.2","language":"dx","enabled_languages":["de","dx"],"languages":{"de":{"title":true,"content":true,"excerpt":false},"dx":{"title":false,"content":false,"excerpt":false}}},"_links":{"self":[{"href":"https:\/\/www.xn--regina-jck-x5a.de\/dx\/wp-json\/wp\/v2\/posts\/1213","targetHints":{"allow":["GET"]}}],"collection":[{"href":"https:\/\/www.xn--regina-jck-x5a.de\/dx\/wp-json\/wp\/v2\/posts"}],"about":[{"href":"https:\/\/www.xn--regina-jck-x5a.de\/dx\/wp-json\/wp\/v2\/types\/post"}],"author":[{"embeddable":true,"href":"https:\/\/www.xn--regina-jck-x5a.de\/dx\/wp-json\/wp\/v2\/users\/2"}],"replies":[{"embeddable":true,"href":"https:\/\/www.xn--regina-jck-x5a.de\/dx\/wp-json\/wp\/v2\/comments?post=1213"}],"version-history":[{"count":2,"href":"https:\/\/www.xn--regina-jck-x5a.de\/dx\/wp-json\/wp\/v2\/posts\/1213\/revisions"}],"predecessor-version":[{"id":1215,"href":"https:\/\/www.xn--regina-jck-x5a.de\/dx\/wp-json\/wp\/v2\/posts\/1213\/revisions\/1215"}],"wp:attachment":[{"href":"https:\/\/www.xn--regina-jck-x5a.de\/dx\/wp-json\/wp\/v2\/media?parent=1213"}],"wp:term":[{"taxonomy":"category","embeddable":true,"href":"https:\/\/www.xn--regina-jck-x5a.de\/dx\/wp-json\/wp\/v2\/categories?post=1213"},{"taxonomy":"post_tag","embeddable":true,"href":"https:\/\/www.xn--regina-jck-x5a.de\/dx\/wp-json\/wp\/v2\/tags?post=1213"}],"curies":[{"name":"wp","href":"https:\/\/api.w.org\/{rel}","templated":true}]}}