{"id":1187,"date":"2022-07-30T13:39:48","date_gmt":"2022-07-30T11:39:48","guid":{"rendered":"https:\/\/www.xn--regina-jck-x5a.de\/?p=1187"},"modified":"2022-07-29T13:40:36","modified_gmt":"2022-07-29T11:40:36","slug":"gut-wohnen-im-alter-mehr-seniorengerechte-wohnformen-fuer-hamburg","status":"publish","type":"post","link":"https:\/\/www.xn--regina-jck-x5a.de\/dx\/2022\/07\/gut-wohnen-im-alter-mehr-seniorengerechte-wohnformen-fuer-hamburg\/","title":{"rendered":"Gut Wohnen im Alter: Mehr seniorengerechte Wohnformen f\u00fcr Hamburg"},"content":{"rendered":"<p>Gut Wohnen im Alter: Mehr seniorengerechte Wohnformen f\u00fcr Hamburg <\/p>\n<p>Die Regierungsfraktionen von SPD und Gr\u00fcnen wollen mit einem gemeinsamen Antrag den Anteil von altersgerechten Wohnungen in Hamburg steigern. Dazu soll der Senat gemeinsam mit dem B\u00fcndnis f\u00fcr das Wohnen, den Stadtentwicklungsgesellschaften und den Bezirken ein auf den bestehenden Programmen aufbauendes Konzept entwickeln, mit dem k\u00fcnftig regelhaft im Zuge von Konzeptvergaben mindestens 20 Prozent der neu gebauten Wohnungen barrierefrei und somit seniorengrecht errichtet werden k\u00f6nnen (siehe Anlage). Ein entsprechendes Modellvorhaben soll zusammen mit einem gemeinwohlorientierten Wohnungsunternehmen und einer Organisation aus dem Bereich Betreuung, Pflege und Wohnraum gestartet werden. Insbesondere bei Nachverdichtungen in den Quartieren sollen k\u00fcnftig barrierefreie 60 Plus-Wohnungen regelhaft gepr\u00fcft werden, damit ein selbstbestimmtes Leben auch weiterhin in den vertrauten Quartieren m\u00f6glich ist. \u00dcber den rot-gr\u00fcnen Antrag wird die B\u00fcrgerschaft am 24. August abstimmen.<\/p>\n<p>Dazu Martina Koeppen, Fachsprecherin f\u00fcr Stadtentwicklung und Wohnen der SPD-Fraktion Hamburg: \u201eGutes und lebenslang sicheres Wohnen ist ein Grundbed\u00fcrfnis, das auch in Hamburg abgesichert werden muss. Bis 2050 ist fast jeder dritte Mensch in Hamburg \u00fcber 60 Jahre alt. Damit \u00e4ndern sich die Anspr\u00fcche auf dem Wohnungsmarkt. Die M\u00f6glichkeit, auch im Alter in der bekannten Nachbarschaft wohnen bleiben zu k\u00f6nnen, gewinnt vor dem Hintergrund des demographischen Wandels immer weiter an Gewicht. Deshalb m\u00fcssen wir bei Nachverdichtungen weiter verst\u00e4rkt altersgerechte Angebote schaffen. Im Team mit den Partnern in der Wohnungswirtschaft gilt es, an einer weiteren Zunahme von Senior:innenwohnungen zu arbeiten, damit auch in Zukunft alle Generationen in Hamburg gemeinsam in den Quartieren leben k\u00f6nnen. Es ist richtig, dabei auch Hilfs- und Unterst\u00fctzungsangebote gleich mitzudenken und die gro\u00dfen Fragen, in einem geb\u00fcndelten Konzept zusammenzuf\u00fchren.\u201c  <\/p>\n<p>Dazu Olaf Duge, Sprecher f\u00fcr Bauen und Wohnen der Gr\u00fcnen Fraktion Hamburg: \u201eDie Zahl der Wohnungen mit freier oder reduzierter Barriere wurde in den letzten Jahren immer weiter erh\u00f6ht. Zugleich wissen wir aber, dass der Anteil der Senior*innen in unserer Stadt weiter zunehmen und wir uns deshalb auf dem bisher Erreichten nicht ausruhen d\u00fcrfen. Deshalb wollen wir mit unserem Antrag jetzt nachlegen und gemeinsam mit den Bezirken und anderen Akteur*innen pr\u00fcfen, wie wir mehr Senior*innenwohnungen im Bestand und im Neubau erreichen k\u00f6nnen. Zudem ist uns klar, dass wir f\u00fcr eine inklusive Stadtentwicklung auch in anderen Bereichen t\u00e4tig werden m\u00fcssen. Ausgehend vom Lebensmittelpunkt der Menschen braucht es nicht nur barrierefreie Wohnungen, sondern auch ein barrierefreies Wohnumfeld, entsprechende Betreuungsangebote sowie Zugang zur Pflege. F\u00fcr uns ist klar: Das Hamburg der Zukunft braucht eine altersfreundliche Gestaltung, die auf Senior*innen R\u00fccksicht nimmt und ihren Bed\u00fcrfnissen umfassend Platz gibt.\u201c<\/p>\n","protected":false},"excerpt":{"rendered":"<p>Gut Wohnen im Alter: Mehr seniorengerechte Wohnformen f\u00fcr Hamburg Die Regierungsfraktionen von SPD und Gr\u00fcnen wollen mit einem gemeinsamen Antrag den Anteil von altersgerechten Wohnungen in Hamburg steigern. Dazu soll der Senat gemeinsam mit dem B\u00fcndnis f\u00fcr das Wohnen, den Stadtentwicklungsgesellschaften und den Bezirken ein auf den bestehenden Programmen aufbauendes Konzept entwickeln, mit dem k\u00fcnftig [&hellip;]<\/p>\n","protected":false},"author":2,"featured_media":0,"comment_status":"closed","ping_status":"open","sticky":false,"template":"","format":"standard","meta":{"ngg_post_thumbnail":0,"footnotes":""},"categories":[1],"tags":[],"class_list":["post-1187","post","type-post","status-publish","format-standard","hentry","category-allgemein"],"translation":{"provider":"WPGlobus","version":"3.0.2","language":"dx","enabled_languages":["de","dx"],"languages":{"de":{"title":true,"content":true,"excerpt":false},"dx":{"title":false,"content":false,"excerpt":false}}},"_links":{"self":[{"href":"https:\/\/www.xn--regina-jck-x5a.de\/dx\/wp-json\/wp\/v2\/posts\/1187","targetHints":{"allow":["GET"]}}],"collection":[{"href":"https:\/\/www.xn--regina-jck-x5a.de\/dx\/wp-json\/wp\/v2\/posts"}],"about":[{"href":"https:\/\/www.xn--regina-jck-x5a.de\/dx\/wp-json\/wp\/v2\/types\/post"}],"author":[{"embeddable":true,"href":"https:\/\/www.xn--regina-jck-x5a.de\/dx\/wp-json\/wp\/v2\/users\/2"}],"replies":[{"embeddable":true,"href":"https:\/\/www.xn--regina-jck-x5a.de\/dx\/wp-json\/wp\/v2\/comments?post=1187"}],"version-history":[{"count":2,"href":"https:\/\/www.xn--regina-jck-x5a.de\/dx\/wp-json\/wp\/v2\/posts\/1187\/revisions"}],"predecessor-version":[{"id":1189,"href":"https:\/\/www.xn--regina-jck-x5a.de\/dx\/wp-json\/wp\/v2\/posts\/1187\/revisions\/1189"}],"wp:attachment":[{"href":"https:\/\/www.xn--regina-jck-x5a.de\/dx\/wp-json\/wp\/v2\/media?parent=1187"}],"wp:term":[{"taxonomy":"category","embeddable":true,"href":"https:\/\/www.xn--regina-jck-x5a.de\/dx\/wp-json\/wp\/v2\/categories?post=1187"},{"taxonomy":"post_tag","embeddable":true,"href":"https:\/\/www.xn--regina-jck-x5a.de\/dx\/wp-json\/wp\/v2\/tags?post=1187"}],"curies":[{"name":"wp","href":"https:\/\/api.w.org\/{rel}","templated":true}]}}