{"id":1181,"date":"2022-07-26T12:13:24","date_gmt":"2022-07-26T10:13:24","guid":{"rendered":"https:\/\/www.xn--regina-jck-x5a.de\/?p=1181"},"modified":"2022-07-26T12:13:24","modified_gmt":"2022-07-26T10:13:24","slug":"das-buergergeld-kommt","status":"publish","type":"post","link":"https:\/\/www.xn--regina-jck-x5a.de\/dx\/2022\/07\/das-buergergeld-kommt\/","title":{"rendered":"Das B\u00fcrgergeld kommt"},"content":{"rendered":"<p>Wir brauchen eine Arbeitsmarkt- und Sozialpolitik auf der H\u00f6he der Zeit, die den massiven \u00c4nderungen in der Arbeitswelt Rechnung tr\u00e4gt. Mit dem B\u00fcrgergeld lassen wir Hartz IV endlich hinter uns und setzen die gr\u00f6\u00dfte Sozialreform seit 20 Jahren um. Dabei steht f\u00fcr uns der Respekt vor der Lebensleistung der Menschen im Vordergrund. Wir wollen ihnen auf Augenh\u00f6he begegnen und eine Kultur des Vertrauens etablieren. <\/p>\n<p>Ziel ist es neue Chancen u. a. durch Weiterbildung, neue Ans\u00e4tze wie Coaching und einer Entfristung des Instruments der \u00f6ffentlich gef\u00f6rderten Besch\u00e4ftigung zu er\u00f6ffnen. Aufgrund der guten Erfahrungen wird der erleichterte Zugang mit Blick auf Verm\u00f6gensanrechnung und der \u00dcbernahme der Kosten der Unterkunft als Regelung entfristet. Denn die Krise hat gezeigt, dass es Betroffenen in unsicheren Zeiten mehr Sicherheit gibt, wenn die Wohnung nicht gewechselt werden muss oder Wohneigentum und Verm\u00f6gen nicht sofort angerechnet wird. <\/p>\n<p>Auch die Bemessung der Regels\u00e4tze muss auf eine neue Basis gestellt werden &#8211; gerade auch angesichts der aktuellen Preisentwicklung. Deshalb sorgen wir jetzt f\u00fcr einen Paradigmenwechsel und mehr Gerechtigkeit: Mit weniger B\u00fcrokratie, mehr Respekt vor der Leistung aller Menschen steht der Sozialstaat allen zur Seite, die ihn brauchen. <\/p>\n<p>Im Zentrum steht die Kooperationsvereinbarung die gemeinsam mit den Betroffenen auf Basis ihrer individuellen St\u00e4rken, F\u00e4higkeiten und eigenen Vorstellungen in den Jobcentern entwickelt wird. Wir wollen dadurch eine neue Vertrauenskultur zwischen Jobcentern und Betroffenen erm\u00f6glichen. Mit der Abschaffung des Vermittlungsvorrangs und der St\u00e4rkung von Weiterbildungs- und Qualifizierungsangeboten setzen wir auf eine nachhaltige Integration in den Arbeitsmarkt. <\/p>\n<p>Mit dem Entwurf des Bundesmi nisteriums f\u00fcr Arbeit und Soziales f\u00fcr ein B\u00fcrgergeldgesetz, welches jetzt auf den Weg gebracht wird, wird all das wie im Koalitionsvertrag vereinbart umgesetzt. Wesentliche Teile des neuen Sozialstaatskonzepts finden sich darin wieder. Wir werden diese gro\u00dfe Arbeitsmarktreform im parlamentarischen Verfahren nach der Sommerpause intensiv begleiten<\/p>\n","protected":false},"excerpt":{"rendered":"<p>Wir brauchen eine Arbeitsmarkt- und Sozialpolitik auf der H\u00f6he der Zeit, die den massiven \u00c4nderungen in der Arbeitswelt Rechnung tr\u00e4gt. Mit dem B\u00fcrgergeld lassen wir Hartz IV endlich hinter uns und setzen die gr\u00f6\u00dfte Sozialreform seit 20 Jahren um. Dabei steht f\u00fcr uns der Respekt vor der Lebensleistung der Menschen im Vordergrund. Wir wollen ihnen [&hellip;]<\/p>\n","protected":false},"author":2,"featured_media":0,"comment_status":"closed","ping_status":"open","sticky":false,"template":"","format":"standard","meta":{"ngg_post_thumbnail":0,"footnotes":""},"categories":[4,1],"tags":[],"class_list":["post-1181","post","type-post","status-publish","format-standard","hentry","category-aktuell","category-allgemein"],"translation":{"provider":"WPGlobus","version":"3.0.2","language":"dx","enabled_languages":["de","dx"],"languages":{"de":{"title":true,"content":true,"excerpt":false},"dx":{"title":false,"content":false,"excerpt":false}}},"_links":{"self":[{"href":"https:\/\/www.xn--regina-jck-x5a.de\/dx\/wp-json\/wp\/v2\/posts\/1181","targetHints":{"allow":["GET"]}}],"collection":[{"href":"https:\/\/www.xn--regina-jck-x5a.de\/dx\/wp-json\/wp\/v2\/posts"}],"about":[{"href":"https:\/\/www.xn--regina-jck-x5a.de\/dx\/wp-json\/wp\/v2\/types\/post"}],"author":[{"embeddable":true,"href":"https:\/\/www.xn--regina-jck-x5a.de\/dx\/wp-json\/wp\/v2\/users\/2"}],"replies":[{"embeddable":true,"href":"https:\/\/www.xn--regina-jck-x5a.de\/dx\/wp-json\/wp\/v2\/comments?post=1181"}],"version-history":[{"count":2,"href":"https:\/\/www.xn--regina-jck-x5a.de\/dx\/wp-json\/wp\/v2\/posts\/1181\/revisions"}],"predecessor-version":[{"id":1183,"href":"https:\/\/www.xn--regina-jck-x5a.de\/dx\/wp-json\/wp\/v2\/posts\/1181\/revisions\/1183"}],"wp:attachment":[{"href":"https:\/\/www.xn--regina-jck-x5a.de\/dx\/wp-json\/wp\/v2\/media?parent=1181"}],"wp:term":[{"taxonomy":"category","embeddable":true,"href":"https:\/\/www.xn--regina-jck-x5a.de\/dx\/wp-json\/wp\/v2\/categories?post=1181"},{"taxonomy":"post_tag","embeddable":true,"href":"https:\/\/www.xn--regina-jck-x5a.de\/dx\/wp-json\/wp\/v2\/tags?post=1181"}],"curies":[{"name":"wp","href":"https:\/\/api.w.org\/{rel}","templated":true}]}}