{"id":1143,"date":"2022-06-08T10:38:50","date_gmt":"2022-06-08T08:38:50","guid":{"rendered":"https:\/\/www.xn--regina-jck-x5a.de\/?p=1143"},"modified":"2022-06-08T10:38:50","modified_gmt":"2022-06-08T08:38:50","slug":"bewerbungsstart-deutscher-kita-preis-2023","status":"publish","type":"post","link":"https:\/\/www.xn--regina-jck-x5a.de\/dx\/2022\/06\/bewerbungsstart-deutscher-kita-preis-2023\/","title":{"rendered":"Bewerbungsstart Deutscher Kita-Preis 2023!"},"content":{"rendered":"<p>Bei der diesj\u00e4hrigen Preisverleihung des Deutschen Kita-Preises haben Bundesfamilienministerin Lisa Paus und Botschafterin der Deutschen Kinder- und Jugendstiftung Barbara Sch\u00f6neberger den Bewerbungsstart f\u00fcr den neuen Durchgang offiziell eingel\u00e4utet. Gemeinsam mit weiteren Partnern wird die Auszeichnung 2023 zum sechsten Mal vergeben. Gern k\u00f6nnen auch Kitas und lokale B\u00fcndnisse in Bramfeld, Farmsen-Berne und Steilshoop beim Deutschen Kita-Preis 2023 mitzumachen. Die Auszeichnung w\u00fcrdigt die wertvolle und exzellente Arbeit in und f\u00fcr Kitas und macht besonders gute Qualit\u00e4t in der fr\u00fchen Bildung sichtbar.<\/p>\n<p>In wenigen Schritten zur Teilnahme<br \/>\nInteressierte Teams k\u00f6nnen ihre Bewerbung ab sofort in unserem Online-Portal einreichen. Daf\u00fcr melden sie sich einfach unter <a href=\"http:\/\/www.deutscher-kita-preis.de\/bewerbung\">www.deutscher-kita-preis.de\/bewerbung<\/a> an, beantworten Fragen zu ihrer Einrichtung oder Initiative und erstellen ein kurzes Motivationsschreiben. Ihre fertige Bewerbung k\u00f6nnen Kitas und B\u00fcndnisse bis zum 15. Juli 2022 absenden.<\/p>\n<p>Kitas und B\u00fcndnisse empfehlen<br \/>\nVerb\u00fcndete, zufriedene Eltern, begeisterte Menschen aus der Nachbarschaft oder Politiker:innen \u2013 jeder kann noch bis zum 15. Juni 2022 Kitas und lokale B\u00fcndnisse zum Mitmachen ermutigen und sie unter <a href=\"http:\/\/www.deutscher-kita-preis.de\/zur-empfehlung\">www.deutscher-kita-preis.de\/zur-empfehlung<\/a> f\u00fcr den Deutschen Kita-Preis 2023 vorschlagen. Unser Team kontaktiert alle empfohlenen Einrichtungen pers\u00f6nlich und ber\u00e4t sie beim Erstellen ihrer Bewerbung.<\/p>\n<p>Was die Preistr\u00e4ger erwartet<br \/>\nDer Deutsche Kita-Preis ist mit insgesamt 130.000 Euro dotiert. F\u00fcnf Einrichtungen und f\u00fcnf Initiativen d\u00fcrfen sich \u00fcber eine Auszeichnung freuen: In den beiden Kategorien \u201eKita des Jahres\u201c und \u201eLokales B\u00fcndnis f\u00fcr fr\u00fche Bildung des Jahres\u201c warten Preisgelder von jeweils 25.000 oder 10.000 Euro auf die zehn Preistr\u00e4ger.<\/p>\n<p>Preisverd\u00e4chtig sind alle Kitas und lokalen B\u00fcndnisse, die Kinder in den Mittelpunkt ihrer p\u00e4dagogischen Arbeit stellen, Fachkr\u00e4fte, Eltern und Nachbarschaft einbinden sowie aus ihren Erfahrungen lernen. Bei der Auswahl nehmen wir nicht nur gute Ergebnisse in den Blick \u2013 auch gute Prozesse und die Gegebenheiten vor Ort werden ber\u00fccksichtigt. Denn Qualit\u00e4t in der fr\u00fchen Bildung hat viele Gesichter.<\/p>\n<p>Alle Informationen zur Bewerbung, den Kriterien und dem Auswahlverfahren finden Sie hier: <a href=\"http:\/\/www.deutscher-kita-preis.de.\">Infos zum Deutschen Kita-Preis<\/a><\/p>\n","protected":false},"excerpt":{"rendered":"<p>Bei der diesj\u00e4hrigen Preisverleihung des Deutschen Kita-Preises haben Bundesfamilienministerin Lisa Paus und Botschafterin der Deutschen Kinder- und Jugendstiftung Barbara Sch\u00f6neberger den Bewerbungsstart f\u00fcr den neuen Durchgang offiziell eingel\u00e4utet. Gemeinsam mit weiteren Partnern wird die Auszeichnung 2023 zum sechsten Mal vergeben. Gern k\u00f6nnen auch Kitas und lokale B\u00fcndnisse in Bramfeld, Farmsen-Berne und Steilshoop beim Deutschen Kita-Preis [&hellip;]<\/p>\n","protected":false},"author":2,"featured_media":0,"comment_status":"closed","ping_status":"open","sticky":false,"template":"","format":"standard","meta":{"ngg_post_thumbnail":0,"footnotes":""},"categories":[1],"tags":[],"class_list":["post-1143","post","type-post","status-publish","format-standard","hentry","category-allgemein"],"translation":{"provider":"WPGlobus","version":"3.0.2","language":"dx","enabled_languages":["de","dx"],"languages":{"de":{"title":true,"content":true,"excerpt":false},"dx":{"title":false,"content":false,"excerpt":false}}},"_links":{"self":[{"href":"https:\/\/www.xn--regina-jck-x5a.de\/dx\/wp-json\/wp\/v2\/posts\/1143","targetHints":{"allow":["GET"]}}],"collection":[{"href":"https:\/\/www.xn--regina-jck-x5a.de\/dx\/wp-json\/wp\/v2\/posts"}],"about":[{"href":"https:\/\/www.xn--regina-jck-x5a.de\/dx\/wp-json\/wp\/v2\/types\/post"}],"author":[{"embeddable":true,"href":"https:\/\/www.xn--regina-jck-x5a.de\/dx\/wp-json\/wp\/v2\/users\/2"}],"replies":[{"embeddable":true,"href":"https:\/\/www.xn--regina-jck-x5a.de\/dx\/wp-json\/wp\/v2\/comments?post=1143"}],"version-history":[{"count":2,"href":"https:\/\/www.xn--regina-jck-x5a.de\/dx\/wp-json\/wp\/v2\/posts\/1143\/revisions"}],"predecessor-version":[{"id":1145,"href":"https:\/\/www.xn--regina-jck-x5a.de\/dx\/wp-json\/wp\/v2\/posts\/1143\/revisions\/1145"}],"wp:attachment":[{"href":"https:\/\/www.xn--regina-jck-x5a.de\/dx\/wp-json\/wp\/v2\/media?parent=1143"}],"wp:term":[{"taxonomy":"category","embeddable":true,"href":"https:\/\/www.xn--regina-jck-x5a.de\/dx\/wp-json\/wp\/v2\/categories?post=1143"},{"taxonomy":"post_tag","embeddable":true,"href":"https:\/\/www.xn--regina-jck-x5a.de\/dx\/wp-json\/wp\/v2\/tags?post=1143"}],"curies":[{"name":"wp","href":"https:\/\/api.w.org\/{rel}","templated":true}]}}