{"id":1139,"date":"2022-05-03T13:20:45","date_gmt":"2022-05-03T11:20:45","guid":{"rendered":"https:\/\/www.xn--regina-jck-x5a.de\/?p=1139"},"modified":"2022-05-03T13:20:45","modified_gmt":"2022-05-03T11:20:45","slug":"berner-heerweg-mit-weitblick-fuer-die-zukunft-planen","status":"publish","type":"post","link":"https:\/\/www.xn--regina-jck-x5a.de\/dx\/2022\/05\/berner-heerweg-mit-weitblick-fuer-die-zukunft-planen\/","title":{"rendered":"Berner Heerweg mit Weitblick f\u00fcr die Zukunft planen"},"content":{"rendered":"<p>Die Wandsbeker rot-gr\u00fcne Koalition hat sich daf\u00fcr ausgesprochen, dass die Planungen zum Umbau des Berner Heerweges weitergef\u00fchrt werden sollen. Besonderes Augenmerk soll dabei auf die Koordinierung mit den Bauma\u00dfnahmen in den umliegenden Stra\u00dfen gelegt werden, damit parallellaufende Stra\u00dfenz\u00fcge nicht zeitgleich gesperrt werden. Dazu hat rot-gr\u00fcn einen Antrag in den Ausschuss f\u00fcr Mobilit\u00e4t und Wirtschaft eingebracht, der auf der Sitzung am 21. April beschlossen wurde.<\/p>\n<p>Patrick Martens, Fachsprecher Mobilit\u00e4t der Wandsbeker SPD-Fraktion: \u201eDer Berner Heerweg ist eine sehr wichtige Verbindungsstra\u00dfe im Hamburger Osten, die einige Stadtteile in den Waldd\u00f6rfern mit der Hamburger Innenstadt verbindet. Der Berner Heerweg soll k\u00fcnftig gleicherma\u00dfen den Bedarfen des Autoverkehrs, des Radverkehrs und des Fu\u00dfverkehrs gerecht werden, deswegen ist eine breite Beteiligung der \u00d6ffentlichkeit bei diesem Bauvorhaben unverzichtbar. Es ist uns besonders wichtig, dass bei den Planungen alle Bauma\u00dfnahmen in Hamburgs Osten koordiniert werden und dass hierbei die Abh\u00e4ngigkeit der verschiedenen Wegebeziehungen voneinander ber\u00fccksichtigt wird. Erst mit Fertigstellung der Bauma\u00dfnahme in der August-Krogmann-Stra\u00dfe soll eine Realisierung des Berner Heerwegs erfolgen.\u201c<\/p>\n<p>Jan Witt, Fachsprecher Mobilit\u00e4t der Wandsbeker Fraktion B\u00dcNDNIS 90\/DIE GR\u00dcNEN: \u201cAm Berner Heerweg treffen verschiedene Bed\u00fcrfnisse und Ziele aufeinander. Mit unserem jetzigen Antrag haben wir einen sinnvollen Kompromiss gefunden und gehen einen wichtigen Schritt f\u00fcr die Verkehrswende in Wandsbek. Sowohl die Ergebnisse aus der B\u00fcrger*innenbeteiligung, als auch Einsch\u00e4tzungen der Polizei zur Verkehrssicherheit und Vorgaben aus dem B\u00fcndnis f\u00fcr Rad- und Fu\u00dfverkehr finden Beachtung. Details zur Planung sollen den B\u00fcrger*innen in diesem Jahr von der Verwaltung vorgestellt werden. So viel vorab: Kreuzungen, die als Knotenpunkte stark belastet sind, werden weiterhin genug Platz \u2013 auch f\u00fcr Autos \u2013 bieten.\u201d<\/p>\n<p>Hintergrund:<br \/>\nIm Osten von Hamburg werden in den kommenden Jahren diverse wichtige Projekte geplant, die Teil der Mobilit\u00e4tswende sind. Hier ist an erster Stelle der Bau der U5 zu nennen. Dar\u00fcber hinaus sind Bauma\u00dfnahmen in der August-Krogmann-Stra\u00dfe bis zum Farmsener Weg, in der Berner Stra\u00dfe bis zum H\u00f6ltigbaum sowie die Neuordnung des Busverkehrs am Farmsener Bahnhof und die Instandsetzung der Deckschicht in der Bramfelder Chaussee vorgesehen.<br \/>\nDer Farmsener Turnverein und der SC Condor haben ihre Sportst\u00e4tten am Berner Heerweg und bilden gemeinsam mit dem Haus der Jugend Farmsen und der Volkshochschule einen sozialen und interkulturellen Treffpunkt. Deswegen sollen bei den Planungen f\u00fcr den Berner Heerweg die bereits gewonnenen Erkenntnisse und bekannten Bedarfe der anliegenden sozialen Einrichtungen mit einbezogen werden.<\/p>\n","protected":false},"excerpt":{"rendered":"<p>Die Wandsbeker rot-gr\u00fcne Koalition hat sich daf\u00fcr ausgesprochen, dass die Planungen zum Umbau des Berner Heerweges weitergef\u00fchrt werden sollen. Besonderes Augenmerk soll dabei auf die Koordinierung mit den Bauma\u00dfnahmen in den umliegenden Stra\u00dfen gelegt werden, damit parallellaufende Stra\u00dfenz\u00fcge nicht zeitgleich gesperrt werden. Dazu hat rot-gr\u00fcn einen Antrag in den Ausschuss f\u00fcr Mobilit\u00e4t und Wirtschaft eingebracht, [&hellip;]<\/p>\n","protected":false},"author":2,"featured_media":0,"comment_status":"closed","ping_status":"open","sticky":false,"template":"","format":"standard","meta":{"ngg_post_thumbnail":0,"footnotes":""},"categories":[4,1],"tags":[],"class_list":["post-1139","post","type-post","status-publish","format-standard","hentry","category-aktuell","category-allgemein"],"translation":{"provider":"WPGlobus","version":"3.0.2","language":"dx","enabled_languages":["de","dx"],"languages":{"de":{"title":true,"content":true,"excerpt":false},"dx":{"title":false,"content":false,"excerpt":false}}},"_links":{"self":[{"href":"https:\/\/www.xn--regina-jck-x5a.de\/dx\/wp-json\/wp\/v2\/posts\/1139","targetHints":{"allow":["GET"]}}],"collection":[{"href":"https:\/\/www.xn--regina-jck-x5a.de\/dx\/wp-json\/wp\/v2\/posts"}],"about":[{"href":"https:\/\/www.xn--regina-jck-x5a.de\/dx\/wp-json\/wp\/v2\/types\/post"}],"author":[{"embeddable":true,"href":"https:\/\/www.xn--regina-jck-x5a.de\/dx\/wp-json\/wp\/v2\/users\/2"}],"replies":[{"embeddable":true,"href":"https:\/\/www.xn--regina-jck-x5a.de\/dx\/wp-json\/wp\/v2\/comments?post=1139"}],"version-history":[{"count":2,"href":"https:\/\/www.xn--regina-jck-x5a.de\/dx\/wp-json\/wp\/v2\/posts\/1139\/revisions"}],"predecessor-version":[{"id":1141,"href":"https:\/\/www.xn--regina-jck-x5a.de\/dx\/wp-json\/wp\/v2\/posts\/1139\/revisions\/1141"}],"wp:attachment":[{"href":"https:\/\/www.xn--regina-jck-x5a.de\/dx\/wp-json\/wp\/v2\/media?parent=1139"}],"wp:term":[{"taxonomy":"category","embeddable":true,"href":"https:\/\/www.xn--regina-jck-x5a.de\/dx\/wp-json\/wp\/v2\/categories?post=1139"},{"taxonomy":"post_tag","embeddable":true,"href":"https:\/\/www.xn--regina-jck-x5a.de\/dx\/wp-json\/wp\/v2\/tags?post=1139"}],"curies":[{"name":"wp","href":"https:\/\/api.w.org\/{rel}","templated":true}]}}