{"id":1134,"date":"2022-04-26T11:58:18","date_gmt":"2022-04-26T09:58:18","guid":{"rendered":"https:\/\/www.xn--regina-jck-x5a.de\/?p=1134"},"modified":"2022-04-26T11:58:25","modified_gmt":"2022-04-26T09:58:25","slug":"der-fonds-kultur-fuer-alle-fuer-kulturelle-inklusionsprojekte-in-hamburg-geht-in-die-zweite-foerderrunde","status":"publish","type":"post","link":"https:\/\/www.xn--regina-jck-x5a.de\/dx\/2022\/04\/der-fonds-kultur-fuer-alle-fuer-kulturelle-inklusionsprojekte-in-hamburg-geht-in-die-zweite-foerderrunde\/","title":{"rendered":"Der Fonds \u201eKultur f\u00fcr alle!\u201c f\u00fcr kulturelle Inklusionsprojekte in Hamburg geht in die zweite F\u00f6rderrunde"},"content":{"rendered":"<p>Mit dem \u201eKultur f\u00fcr alle!\u201c-Fonds sollen Projekte gef\u00f6rdert werden, die Hamburgerinnen und Hamburgern mit einer k\u00f6rperlichen, seelischen oder kognitiven Behinderung, einer Sinnesbeeintr\u00e4chtigung oder einer demenziellen Erkrankung einen Zugang zur Kultur erm\u00f6glichen beziehungsweise erleichtern.<\/p>\n<p>Der Fonds wendet sich zudem an (vor allem \u00e4ltere) Hamburgerinnen und Hamburger, die aufgrund von Einsamkeit, Zur\u00fcckgezogenheit und finanzieller Not bisher wenig Kontakt mit kulturellen Angeboten hatten. Ebenso sollen Kulturprojekte f\u00fcr Kinder und Jugendliche aus benachteiligten Quartieren erm\u00f6glicht werden.<\/p>\n<p>Die F\u00f6rderung bel\u00e4uft sich auf ein j\u00e4hrliches Volumen von 70.000 Euro und ein Gesamtvolumen von insgesamt 350.000 Euro \u00fcber die Laufzeit von f\u00fcnf Jahren. Es sollen sowohl strukturbildende Vorhaben unterst\u00fctzt werden, die den langfristigen Erfolg des Projektes garantieren, als auch ganz praktische Ideen, die die Teilhabe der genannten Zielgruppen an kulturellen Angeboten aller Sparten erkennbar erh\u00f6hen und diese st\u00e4rker in den Kulturbetrieb einbinden.<\/p>\n<p>Die Projekte k\u00f6nnen von K\u00fcnstlerinnen und K\u00fcnstlern, Kultureinrichtungen oder auch Initiativen und Einzelpersonen eingereicht werden, Einreichfrist ist der 15. Mai 2022.<\/p>\n<p>Folgende Projekte wurden im Rahmen der ersten F\u00f6rderrunde unterst\u00fctzt:<\/p>\n<p>\u2022\tNele Riechers \u2013 \u201eBallett f\u00fcr Blinde\u201c<br \/>\n\u2022\tTumaini e. V. Bramfeld \u2013 \u201eKunst kennt keine Behinderung &#8211; barrierefreie bildnerische und musische Gestaltung\u201c<br \/>\n\u2022\tHamburger Kunsthalle \u2013 \u201ePERSPEKTIVWECHSEL!\u201c 2-j\u00e4hriges Projekt: Tastf\u00fchrungen f\u00fcr die Ausstellung \u201eVon Mischwesen\u201c sowie barrierefreies Symposium zum Thema Seheinschr\u00e4nkungen und Blindheit in der Kunst- und Kulturvermittlung, Aus- und Fortbildung von Kunstvermittlerinnen und -vermittlern mit Seheinschr\u00e4nkungen<br \/>\n\u2022\tChristine von Bargen \u2013 \u201eHauschor\u201c Chorprojekt mit \u00e4lteren Bewohnerinnen und Bewohnern in einem Wohnprojekt<br \/>\n\u2022\tZinnschmelze \u2013 \u201eFeierabendsingen\u201c<br \/>\n\u2022\tHamburger Volkshochschule \u2013 \u201eOffenes Atelier f\u00fcr Menschen mit Demenz\u201c<br \/>\n\u2022\tMathias Knigge \u2013 \u201eBei Anruf Kultur\u201c, telefonische F\u00fchrungen durch Hamburger Ausstellungen<br \/>\n\u2022\tMathias Knigge \u2013 \u201eDGS-Museumsguide von und f\u00fcr h\u00f6rgesch\u00e4digte Kinder und Jugendliche\u201c<br \/>\n\u2022\tKonfetti im Kopf e. V. \u201einklusive Schreibwerkstatt f\u00fcr Menschen mit und ohne Demenz\u201c<br \/>\n\u2022\tInes Helke \u2013 \u201eHappy Hands\u201c &#8211; F\u00f6rderung der Geb\u00e4rdensprachkultur im Sozialraum<\/p>\n<p>Die Antr\u00e4ge f\u00fcr die zweite F\u00f6rderrunde k\u00f6nnen bis zum 15. Mai 2022 an die Beh\u00f6rde f\u00fcr Kultur und Medien, Referat inklusive Kulturprojekte, Hohe Bleichen 22, 20354 Hamburg gestellt werden.<\/p>\n<p><a href=\"https:\/\/www.hamburg.de\/bkm\/fonds-kultur-fuer-alle\/nofl\/15502562\/foerderrichtlinien-kultur-fuer-alle\/\">Mehr Informationen<\/a><\/p>\n","protected":false},"excerpt":{"rendered":"<p>Mit dem \u201eKultur f\u00fcr alle!\u201c-Fonds sollen Projekte gef\u00f6rdert werden, die Hamburgerinnen und Hamburgern mit einer k\u00f6rperlichen, seelischen oder kognitiven Behinderung, einer Sinnesbeeintr\u00e4chtigung oder einer demenziellen Erkrankung einen Zugang zur Kultur erm\u00f6glichen beziehungsweise erleichtern. Der Fonds wendet sich zudem an (vor allem \u00e4ltere) Hamburgerinnen und Hamburger, die aufgrund von Einsamkeit, Zur\u00fcckgezogenheit und finanzieller Not bisher wenig [&hellip;]<\/p>\n","protected":false},"author":2,"featured_media":0,"comment_status":"closed","ping_status":"open","sticky":false,"template":"","format":"standard","meta":{"ngg_post_thumbnail":0,"footnotes":""},"categories":[4,1],"tags":[],"class_list":["post-1134","post","type-post","status-publish","format-standard","hentry","category-aktuell","category-allgemein"],"translation":{"provider":"WPGlobus","version":"3.0.2","language":"dx","enabled_languages":["de","dx"],"languages":{"de":{"title":true,"content":true,"excerpt":false},"dx":{"title":false,"content":false,"excerpt":false}}},"_links":{"self":[{"href":"https:\/\/www.xn--regina-jck-x5a.de\/dx\/wp-json\/wp\/v2\/posts\/1134","targetHints":{"allow":["GET"]}}],"collection":[{"href":"https:\/\/www.xn--regina-jck-x5a.de\/dx\/wp-json\/wp\/v2\/posts"}],"about":[{"href":"https:\/\/www.xn--regina-jck-x5a.de\/dx\/wp-json\/wp\/v2\/types\/post"}],"author":[{"embeddable":true,"href":"https:\/\/www.xn--regina-jck-x5a.de\/dx\/wp-json\/wp\/v2\/users\/2"}],"replies":[{"embeddable":true,"href":"https:\/\/www.xn--regina-jck-x5a.de\/dx\/wp-json\/wp\/v2\/comments?post=1134"}],"version-history":[{"count":3,"href":"https:\/\/www.xn--regina-jck-x5a.de\/dx\/wp-json\/wp\/v2\/posts\/1134\/revisions"}],"predecessor-version":[{"id":1136,"href":"https:\/\/www.xn--regina-jck-x5a.de\/dx\/wp-json\/wp\/v2\/posts\/1134\/revisions\/1136"}],"wp:attachment":[{"href":"https:\/\/www.xn--regina-jck-x5a.de\/dx\/wp-json\/wp\/v2\/media?parent=1134"}],"wp:term":[{"taxonomy":"category","embeddable":true,"href":"https:\/\/www.xn--regina-jck-x5a.de\/dx\/wp-json\/wp\/v2\/categories?post=1134"},{"taxonomy":"post_tag","embeddable":true,"href":"https:\/\/www.xn--regina-jck-x5a.de\/dx\/wp-json\/wp\/v2\/tags?post=1134"}],"curies":[{"name":"wp","href":"https:\/\/api.w.org\/{rel}","templated":true}]}}