{"id":1115,"date":"2022-03-18T16:05:09","date_gmt":"2022-03-18T14:05:09","guid":{"rendered":"https:\/\/www.xn--regina-jck-x5a.de\/?p=1115"},"modified":"2022-03-18T16:05:09","modified_gmt":"2022-03-18T14:05:09","slug":"norddeutsche-landesbehindertenbeauftragte-tagen-unter-federfuehrung-hamburgs","status":"publish","type":"post","link":"https:\/\/www.xn--regina-jck-x5a.de\/dx\/2022\/03\/norddeutsche-landesbehindertenbeauftragte-tagen-unter-federfuehrung-hamburgs\/","title":{"rendered":"Norddeutsche Landesbehindertenbeauftragte tagen unter Federf\u00fchrung Hamburgs"},"content":{"rendered":"<p>Auf Initiative unserer Hamburger Senatskoordinatorin f\u00fcr die Gleichstellung von Menschen mit Behinderungen, Ulrike Kloiber, trafen sich heute die Norddeutschen Landesbehindertenbeauftragten zu ihrem ersten gemeinsamen Austausch. Unter Beteiligung von Petra Wontorra aus Niedersachsen, Michaela Pries aus Schleswig-Holstein, Matthias Crone aus Mecklenburg-Vorpommern sowie Kai J. Steuck aus Bremen diskutierten die Teilnehmenden unter anderem mit dem NDR \u00fcber eine gr\u00f6\u00dfere \u00d6ffentlichkeitsarbeit zum Thema Inklusion. die l\u00e4nder\u00fcbergreifenden Zusammenarbeit sowie digitale Barrierefreiheit. <\/p>\n<p>Neben der grunds\u00e4tzlichen Frage zur l\u00e4nder\u00fcbergreifenden Zusammenarbeit war ein weiteres wichtiges Thema der Abbau der Barrieren, die nach wie vor in vielen unterschiedlichen Lebensbereichen f\u00fcr Menschen mit Behinderungen bestehen. So ist beispielsweise die Barrierefreiheit in digitalen Angeboten und im Internet noch nicht selbstverst\u00e4ndlich. Das Internet erm\u00f6glicht aber gerade auch Menschen mit Mobilit\u00e4tseinschr\u00e4nkungen die gesellschaftliche Teilhabe.<\/p>\n<p>Ulrike Kloiber, Senatskoordinatorin f\u00fcr die Gleichstellung von Menschen mit Behinderungen: \u201eEine inklusive Gesellschaft ist eine vielf\u00e4ltige Gesellschaft, in der alle gleicherma\u00dfen aktiv teilhaben k\u00f6nnen, ohne bevorzugt oder benachteiligt zu werden. Das Treffen der Norddeutschen Landesbehindertenbeauftragten ist ein wichtiger Austausch, um Inklusion f\u00fcr den ganzen Norden zu denken und wertvolle Initiativen und Projekte \u00fcber die Hamburger Landesgrenzen hinaus zu f\u00f6rdern und umzusetzen. So nutzen wir unsere gemeinsame Stimme, um die gleichberechtigte gesellschaftliche Teilhabe durchzusetzen.\u201c<\/p>\n<p><strong>Hintergrund<\/strong><\/p>\n<p>Norddeutsches Treffen der Landesbehindertenbeauftragten<br \/>\nDie Bundesl\u00e4nder haben bei der Umsetzung der UN-Behindertenkonvention unterschiedliche Schwerpunkte gesetzt. So existiert beispielsweise in Hamburg seit Januar 2019 das Kompetenzzentrum f\u00fcr ein barrierefreies Hamburg. Es ist bundesweit das erste, so dass sich angrenzende Bundesl\u00e4nder interessiert zeigen.<\/p>\n<p>Senatskoordinatorin f\u00fcr die Gleichstellung von Menschen mit Behinderungen<br \/>\nWesentliche Aufgabe der Senatskoordinatorin ist es insbesondere, aus einer unabh\u00e4ngigen Position heraus zwischen B\u00fcrger:innen und der Verwaltung zu vermitteln. Ferner steht sie als koordinierende Stelle f\u00fcr Menschen mit Behinderungen und deren Verb\u00e4nde und Organisationen zur Verf\u00fcgung.<\/p>\n<p>Ebenso hat die Senatskoordinatorin darauf hinzuwirken, dass die Verantwortung der Beh\u00f6rden, f\u00fcr die Beseitigung geschlechtsspezifischer Benachteiligungen von Frauen mit Behinderungen, in allen Bereichen des gesellschaftlichen Lebens wahrgenommen wird. Auch kann die Senatskoordinatorin Ma\u00dfnahmen anregen und dabei die Zivilgesellschaft einbinden. Ferner hat der Senat die Senatskoordinatorin fr\u00fchzeitig bei allen Gesetzes-, Verordnungs- und sonstigen wichtigen Vorhaben zu beteiligen, die die Gleichstellung von Menschen mit Behinderungen betreffen oder ber\u00fchren.<\/p>\n<p>Das Amt der Senatskoordinatorin oder des Senatskoordinators f\u00fcr die Gleichstellung von Menschen mit Behinderungen wird gem\u00e4\u00df des Hamburgischen Gesetzes zur Gleichstellung von Menschen mit Behinderungen (HmbBGG) von der Hamburgischen B\u00fcrgerschaft auf Vorschlag des Senats f\u00fcr die Dauer der Legislaturperiode gew\u00e4hlt.<\/p>\n","protected":false},"excerpt":{"rendered":"<p>Auf Initiative unserer Hamburger Senatskoordinatorin f\u00fcr die Gleichstellung von Menschen mit Behinderungen, Ulrike Kloiber, trafen sich heute die Norddeutschen Landesbehindertenbeauftragten zu ihrem ersten gemeinsamen Austausch. Unter Beteiligung von Petra Wontorra aus Niedersachsen, Michaela Pries aus Schleswig-Holstein, Matthias Crone aus Mecklenburg-Vorpommern sowie Kai J. Steuck aus Bremen diskutierten die Teilnehmenden unter anderem mit dem NDR \u00fcber [&hellip;]<\/p>\n","protected":false},"author":2,"featured_media":0,"comment_status":"closed","ping_status":"open","sticky":false,"template":"","format":"standard","meta":{"ngg_post_thumbnail":0,"footnotes":""},"categories":[4,1],"tags":[],"class_list":["post-1115","post","type-post","status-publish","format-standard","hentry","category-aktuell","category-allgemein"],"translation":{"provider":"WPGlobus","version":"3.0.2","language":"dx","enabled_languages":["de","dx"],"languages":{"de":{"title":true,"content":true,"excerpt":false},"dx":{"title":false,"content":false,"excerpt":false}}},"_links":{"self":[{"href":"https:\/\/www.xn--regina-jck-x5a.de\/dx\/wp-json\/wp\/v2\/posts\/1115","targetHints":{"allow":["GET"]}}],"collection":[{"href":"https:\/\/www.xn--regina-jck-x5a.de\/dx\/wp-json\/wp\/v2\/posts"}],"about":[{"href":"https:\/\/www.xn--regina-jck-x5a.de\/dx\/wp-json\/wp\/v2\/types\/post"}],"author":[{"embeddable":true,"href":"https:\/\/www.xn--regina-jck-x5a.de\/dx\/wp-json\/wp\/v2\/users\/2"}],"replies":[{"embeddable":true,"href":"https:\/\/www.xn--regina-jck-x5a.de\/dx\/wp-json\/wp\/v2\/comments?post=1115"}],"version-history":[{"count":2,"href":"https:\/\/www.xn--regina-jck-x5a.de\/dx\/wp-json\/wp\/v2\/posts\/1115\/revisions"}],"predecessor-version":[{"id":1117,"href":"https:\/\/www.xn--regina-jck-x5a.de\/dx\/wp-json\/wp\/v2\/posts\/1115\/revisions\/1117"}],"wp:attachment":[{"href":"https:\/\/www.xn--regina-jck-x5a.de\/dx\/wp-json\/wp\/v2\/media?parent=1115"}],"wp:term":[{"taxonomy":"category","embeddable":true,"href":"https:\/\/www.xn--regina-jck-x5a.de\/dx\/wp-json\/wp\/v2\/categories?post=1115"},{"taxonomy":"post_tag","embeddable":true,"href":"https:\/\/www.xn--regina-jck-x5a.de\/dx\/wp-json\/wp\/v2\/tags?post=1115"}],"curies":[{"name":"wp","href":"https:\/\/api.w.org\/{rel}","templated":true}]}}