{"id":1112,"date":"2022-03-17T13:35:14","date_gmt":"2022-03-17T11:35:14","guid":{"rendered":"https:\/\/www.xn--regina-jck-x5a.de\/?p=1112"},"modified":"2022-03-17T13:35:14","modified_gmt":"2022-03-17T11:35:14","slug":"der-kindersofortzuschlag-kommt-wichtiger-schritt-hin-zur-kindergrundsicherung","status":"publish","type":"post","link":"https:\/\/www.xn--regina-jck-x5a.de\/dx\/2022\/03\/der-kindersofortzuschlag-kommt-wichtiger-schritt-hin-zur-kindergrundsicherung\/","title":{"rendered":"Der Kindersofortzuschlag kommt \u2013 wichtiger Schritt hin zur Kindergrundsicherung"},"content":{"rendered":"<p>Die SPD-Bundestagsfraktion begr\u00fc\u00dft den am 16.03.2022 vom Kabinett beschlossenen Entwurf des Sofortzuschlags- und Einmalzahlungsgesetzes. Damit erhalten ab dem 1. Juli 2022 rund 2,9 Millionen von Armut betroffene Kinder in Deutschland 20 Euro zus\u00e4tzlich im Monat. Das ist ein wichtiger Schritt auf dem Weg zur Einf\u00fchrung einer Kindergrundsicherung. Dar\u00fcber hinaus erhalten erwachsene Leistungsberechtigte, die Leistungen nach SGB II, SGB XII, Bundesversorgungsgesetz oder Asylbewerberleistungsgesetz beziehen, eine erneute Einmalzahlung.<\/p>\n<p>Annika Klose, zust\u00e4ndige Berichterstatterin:<br \/>\n\u201eAufgrund der seit mehr als zwei Jahren andauernden pandemischen Lage werden Haushalte mit geringen Einkommen besonders schwer finanziell belastet. Zus\u00e4tzliche Ausgaben f\u00fcr Masken und Corona-Tests sowie die steigenden Lebenshaltungskosten durch Inflation und Sanktionsfolgen belasten insbesondere Familien mit geringen Einkommen und Empf\u00e4ngerinnen und Empf\u00e4nger von Leistungen der Grundsicherung und Sozialhilfe.<br \/>\nIch begr\u00fc\u00dfe daher das von der Bundesregierung auf den Weg gebrachte Ma\u00dfnahmenpaket zur Entlastung. Die beschlossene Corona-Einmalzahlung wird im Juli 2022 in H\u00f6he von 100 Euro direkt an die Leistungsempf\u00e4ngerinnen und Leistungsempf\u00e4ngern des SGB II, SGB XII und des Asylbewerberleistungsgesetzes ausgezahlt.<br \/>\nDas ist eine unb\u00fcrokratische Hilfe, die die pandemiebedingten Mehrbelastungen abfedert.<br \/>\nWeitere kurzfristige Entlastungen werden wir pr\u00fcfen. Mit der Einf\u00fchrung des B\u00fcrger:innengeldes haben wir uns vorgenommen, auch grunds\u00e4tzlich \u00fcber die Bedarfsermittlung zu sprechen. Das B\u00fcrger:innengeld wollen wir Anfang 2023 einf\u00fchren.\u201c<\/p>\n<p>Sarah Lahrkamp, zust\u00e4ndige Berichterstatterin:<br \/>\n\u201eDie SPD-Bundestagsfraktion steht an der Seite von bed\u00fcrftigen Kindern und Jugendlichen. F\u00fcr sie wollen wir beste Start- und Teilhabechancen. Wir helfen denjenigen, die unsere Unterst\u00fctzung besonders brauchen.<br \/>\nDie Leistung wird ab dem 1. Juli 2022 an alle Kinder, Jugendlichen und jungen Erwachsenen gezahlt, die Anspruch auf Leistungen gem\u00e4\u00df SGB II, SGB XII, Asylbewerberleistungsgesetz (AsylbLG), Kinderzuschlag oder auf Erg\u00e4nzende Hilfe zum Lebensunterhalt nach dem Bundesversorgungsgesetz (BVG) haben.<br \/>\nDas Geld soll schnell und unb\u00fcrokratisch bei den Kindern ankommen und so lange ausbezahlt werden, bis die neue Kindergrundsicherung startet. Mittelfristig wollen wir eine existenzsichernde finanzielle F\u00f6rderung von Kindern, Jugendlichen und Familien, die bisherige Leistungen b\u00fcndelt und gerecht ausgestaltet ist. Je gr\u00f6\u00dfer der Unterst\u00fctzungsbedarf ist, desto h\u00f6her soll auch die Unterst\u00fctzungsleistung sein.\u201c<\/p>\n<p>________________________________________<br \/>\nDie komplette Pressemitteilung finden Sie hier:<br \/>\nhttps:\/\/www.spdfraktion.de\/presse\/pressemitteilungen\/kindersofortzuschlag-kommt-wichtiger-schritt-hin-kindergrundsicherung<\/p>\n<p>Die komplette Pressemitteilung als PDF:<br \/>\nhttps:\/\/www.spdfraktion.de\/node\/5639667\/pdf<\/p>\n","protected":false},"excerpt":{"rendered":"<p>Die SPD-Bundestagsfraktion begr\u00fc\u00dft den am 16.03.2022 vom Kabinett beschlossenen Entwurf des Sofortzuschlags- und Einmalzahlungsgesetzes. Damit erhalten ab dem 1. Juli 2022 rund 2,9 Millionen von Armut betroffene Kinder in Deutschland 20 Euro zus\u00e4tzlich im Monat. Das ist ein wichtiger Schritt auf dem Weg zur Einf\u00fchrung einer Kindergrundsicherung. Dar\u00fcber hinaus erhalten erwachsene Leistungsberechtigte, die Leistungen nach [&hellip;]<\/p>\n","protected":false},"author":2,"featured_media":0,"comment_status":"closed","ping_status":"open","sticky":false,"template":"","format":"standard","meta":{"ngg_post_thumbnail":0,"footnotes":""},"categories":[4,1],"tags":[],"class_list":["post-1112","post","type-post","status-publish","format-standard","hentry","category-aktuell","category-allgemein"],"translation":{"provider":"WPGlobus","version":"3.0.2","language":"dx","enabled_languages":["de","dx"],"languages":{"de":{"title":true,"content":true,"excerpt":false},"dx":{"title":false,"content":false,"excerpt":false}}},"_links":{"self":[{"href":"https:\/\/www.xn--regina-jck-x5a.de\/dx\/wp-json\/wp\/v2\/posts\/1112","targetHints":{"allow":["GET"]}}],"collection":[{"href":"https:\/\/www.xn--regina-jck-x5a.de\/dx\/wp-json\/wp\/v2\/posts"}],"about":[{"href":"https:\/\/www.xn--regina-jck-x5a.de\/dx\/wp-json\/wp\/v2\/types\/post"}],"author":[{"embeddable":true,"href":"https:\/\/www.xn--regina-jck-x5a.de\/dx\/wp-json\/wp\/v2\/users\/2"}],"replies":[{"embeddable":true,"href":"https:\/\/www.xn--regina-jck-x5a.de\/dx\/wp-json\/wp\/v2\/comments?post=1112"}],"version-history":[{"count":2,"href":"https:\/\/www.xn--regina-jck-x5a.de\/dx\/wp-json\/wp\/v2\/posts\/1112\/revisions"}],"predecessor-version":[{"id":1114,"href":"https:\/\/www.xn--regina-jck-x5a.de\/dx\/wp-json\/wp\/v2\/posts\/1112\/revisions\/1114"}],"wp:attachment":[{"href":"https:\/\/www.xn--regina-jck-x5a.de\/dx\/wp-json\/wp\/v2\/media?parent=1112"}],"wp:term":[{"taxonomy":"category","embeddable":true,"href":"https:\/\/www.xn--regina-jck-x5a.de\/dx\/wp-json\/wp\/v2\/categories?post=1112"},{"taxonomy":"post_tag","embeddable":true,"href":"https:\/\/www.xn--regina-jck-x5a.de\/dx\/wp-json\/wp\/v2\/tags?post=1112"}],"curies":[{"name":"wp","href":"https:\/\/api.w.org\/{rel}","templated":true}]}}