{"id":1109,"date":"2022-03-16T13:21:21","date_gmt":"2022-03-16T11:21:21","guid":{"rendered":"https:\/\/www.xn--regina-jck-x5a.de\/?p=1109"},"modified":"2022-03-15T13:22:51","modified_gmt":"2022-03-15T11:22:51","slug":"selbst-aktiv-zum-internationalen-frauentag-am-8-maerz-2022","status":"publish","type":"post","link":"https:\/\/www.xn--regina-jck-x5a.de\/dx\/2022\/03\/selbst-aktiv-zum-internationalen-frauentag-am-8-maerz-2022\/","title":{"rendered":"Selbst Aktiv zum Internationalen Frauentag am 8. M\u00e4rz 2022"},"content":{"rendered":"<p>Die Arbeitsgemeinschaft Selbst Aktiv nimmt den Internationalen Frauentag am 08. M\u00e4rz zum Anlass, um auf die besondere Lage von Frauen mit Behinderungen aufmerksam zu machen. Immer noch sind sie im Arbeitsleben nicht so pr\u00e4sent wie sie sein k\u00f6nnten und haben deshalb h\u00e4ufig  kleinere Rentenanspr\u00fcche. Oft haben sie auch Probleme, ihre Familienarbeit mit Unterst\u00fctzung erledigen zu k\u00f6nnen und f\u00fcr ihre Kinder angemessen zu sorgen.<\/p>\n<p>Wir fordern Politik, Arbeitgeber und Gesellschaft auf, Frauen mit Behinderungen verst\u00e4rkt in den Blick zu nehmen und sich f\u00fcr ihre verbrieften Rechte auf allen Ebenen einzusetzen. Es muss dringend ein Bewusstseinswechsel erfolgen, denn es geht nicht um Mitleid und Almosen, sondern um verbriefte Rechte, wie sie die UN-Behindertenrechtskonvention im Artikel 6 vorsieht. H\u00e4ufig sind M\u00e4dchen und Frauen mit Behinderungen mehrfacher Diskriminierung ausgesetzt.<\/p>\n<p>\u201eWir sind die Lobby f\u00fcr Menschen mit Behinderungen, lenken aber heute den Blick insbesondere auf die Frauen mit Behinderungen\u201c, so Anne Kleinschnieder, stellvertretende Bundesvorsitzende der AG Selbst Aktiv.<\/p>\n","protected":false},"excerpt":{"rendered":"<p>Die Arbeitsgemeinschaft Selbst Aktiv nimmt den Internationalen Frauentag am 08. M\u00e4rz zum Anlass, um auf die besondere Lage von Frauen mit Behinderungen aufmerksam zu machen. Immer noch sind sie im Arbeitsleben nicht so pr\u00e4sent wie sie sein k\u00f6nnten und haben deshalb h\u00e4ufig kleinere Rentenanspr\u00fcche. Oft haben sie auch Probleme, ihre Familienarbeit mit Unterst\u00fctzung erledigen zu [&hellip;]<\/p>\n","protected":false},"author":2,"featured_media":0,"comment_status":"closed","ping_status":"open","sticky":false,"template":"","format":"standard","meta":{"ngg_post_thumbnail":0,"footnotes":""},"categories":[4,1],"tags":[],"class_list":["post-1109","post","type-post","status-publish","format-standard","hentry","category-aktuell","category-allgemein"],"translation":{"provider":"WPGlobus","version":"3.0.2","language":"dx","enabled_languages":["de","dx"],"languages":{"de":{"title":true,"content":true,"excerpt":false},"dx":{"title":false,"content":false,"excerpt":false}}},"_links":{"self":[{"href":"https:\/\/www.xn--regina-jck-x5a.de\/dx\/wp-json\/wp\/v2\/posts\/1109","targetHints":{"allow":["GET"]}}],"collection":[{"href":"https:\/\/www.xn--regina-jck-x5a.de\/dx\/wp-json\/wp\/v2\/posts"}],"about":[{"href":"https:\/\/www.xn--regina-jck-x5a.de\/dx\/wp-json\/wp\/v2\/types\/post"}],"author":[{"embeddable":true,"href":"https:\/\/www.xn--regina-jck-x5a.de\/dx\/wp-json\/wp\/v2\/users\/2"}],"replies":[{"embeddable":true,"href":"https:\/\/www.xn--regina-jck-x5a.de\/dx\/wp-json\/wp\/v2\/comments?post=1109"}],"version-history":[{"count":2,"href":"https:\/\/www.xn--regina-jck-x5a.de\/dx\/wp-json\/wp\/v2\/posts\/1109\/revisions"}],"predecessor-version":[{"id":1111,"href":"https:\/\/www.xn--regina-jck-x5a.de\/dx\/wp-json\/wp\/v2\/posts\/1109\/revisions\/1111"}],"wp:attachment":[{"href":"https:\/\/www.xn--regina-jck-x5a.de\/dx\/wp-json\/wp\/v2\/media?parent=1109"}],"wp:term":[{"taxonomy":"category","embeddable":true,"href":"https:\/\/www.xn--regina-jck-x5a.de\/dx\/wp-json\/wp\/v2\/categories?post=1109"},{"taxonomy":"post_tag","embeddable":true,"href":"https:\/\/www.xn--regina-jck-x5a.de\/dx\/wp-json\/wp\/v2\/tags?post=1109"}],"curies":[{"name":"wp","href":"https:\/\/api.w.org\/{rel}","templated":true}]}}