{"id":1102,"date":"2022-01-21T17:13:24","date_gmt":"2022-01-21T15:13:24","guid":{"rendered":"https:\/\/www.xn--regina-jck-x5a.de\/?p=1102"},"modified":"2022-01-21T17:13:24","modified_gmt":"2022-01-21T15:13:24","slug":"von-der-bewahranstalt-zum-gedenk-und-lernort-das-ehemalige-versorgungsheim-farmsen","status":"publish","type":"post","link":"https:\/\/www.xn--regina-jck-x5a.de\/dx\/2022\/01\/von-der-bewahranstalt-zum-gedenk-und-lernort-das-ehemalige-versorgungsheim-farmsen\/","title":{"rendered":"Von der \u201eBewahranstalt\u201c zum Gedenk- und Lernort? Das ehemalige Versorgungsheim Farmsen"},"content":{"rendered":"<p><strong>Digitale Gedenkveranstaltung der Bezirksversammlung Wandsbek am 27. Januar 2022<\/strong><\/p>\n<p>Die Bezirksversammlung Wandsbek veranstaltet am 27. Januar, dem Tag des Gedenkens an die Opfer des Nationalsozialismus, eine Gedenkveranstaltung im Bezirksamt Wandsbek, die aufgrund der Coronapandemie ausschlie\u00dflich als Livestream ohne Publikum aus dem B\u00fcrgersaal Wandsbek gesendet wird.<\/p>\n<p>Die Gedenkveranstaltung wird am 27. Januar 2022 ab 18 Uhr live \u00fcbertragen. Der Livestream kann \u00fcber die Internetseite der Bezirksversammlung Wandsbek und unter folgendem Link aufgerufen werden:<\/p>\n<p>Gedenkveranstaltung der Bezirksversammlung Wandsbek am 27.01.2022 &#8211; <a href=\"https:\/\/www.youtube.com\/watch?v=dTosVGWLMg4\">YouTube-Link<\/a><\/p>\n<p>Der Vorsitzende der Bezirksversammlung Wandsbek, Andr\u00e9 Schneider, wird die Veranstaltung er\u00f6ffnen. <\/p>\n<p>Die Historikerin Frauke Steinh\u00e4user wird \u00fcber das Versorgungsheim Farmsen als Ort nationalsozialistischer Verfolgung berichten und dabei auf die aktuellen \u00dcberlegungen, auf dem Gel\u00e4nde einen Gedenk- und Lernort f\u00fcr die Opfer aller Hamburger Wohlfahrtsanstalten zu errichten, eingehen.<\/p>\n<p>Die Pr\u00e4sidiumsmitglieder der Bezirksversammlung, Andr\u00e9 Schneider, Katja Rosenbohm und Philip Buse werden an drei ehemalige Insassinnen und Insassen des Versorgungsheims erinnern.<\/p>\n<p>Musikalisch wird die Veranstaltung von Helmut Stuarnig (Hamburger Symphoniker) und Regine M\u00fcnchow (Musiklehrerin) begleitet.<\/p>\n","protected":false},"excerpt":{"rendered":"<p>Digitale Gedenkveranstaltung der Bezirksversammlung Wandsbek am 27. Januar 2022 Die Bezirksversammlung Wandsbek veranstaltet am 27. Januar, dem Tag des Gedenkens an die Opfer des Nationalsozialismus, eine Gedenkveranstaltung im Bezirksamt Wandsbek, die aufgrund der Coronapandemie ausschlie\u00dflich als Livestream ohne Publikum aus dem B\u00fcrgersaal Wandsbek gesendet wird. Die Gedenkveranstaltung wird am 27. Januar 2022 ab 18 Uhr [&hellip;]<\/p>\n","protected":false},"author":2,"featured_media":0,"comment_status":"closed","ping_status":"open","sticky":false,"template":"","format":"standard","meta":{"ngg_post_thumbnail":0,"footnotes":""},"categories":[4,1],"tags":[],"class_list":["post-1102","post","type-post","status-publish","format-standard","hentry","category-aktuell","category-allgemein"],"translation":{"provider":"WPGlobus","version":"3.0.2","language":"dx","enabled_languages":["de","dx"],"languages":{"de":{"title":true,"content":true,"excerpt":false},"dx":{"title":false,"content":false,"excerpt":false}}},"_links":{"self":[{"href":"https:\/\/www.xn--regina-jck-x5a.de\/dx\/wp-json\/wp\/v2\/posts\/1102","targetHints":{"allow":["GET"]}}],"collection":[{"href":"https:\/\/www.xn--regina-jck-x5a.de\/dx\/wp-json\/wp\/v2\/posts"}],"about":[{"href":"https:\/\/www.xn--regina-jck-x5a.de\/dx\/wp-json\/wp\/v2\/types\/post"}],"author":[{"embeddable":true,"href":"https:\/\/www.xn--regina-jck-x5a.de\/dx\/wp-json\/wp\/v2\/users\/2"}],"replies":[{"embeddable":true,"href":"https:\/\/www.xn--regina-jck-x5a.de\/dx\/wp-json\/wp\/v2\/comments?post=1102"}],"version-history":[{"count":2,"href":"https:\/\/www.xn--regina-jck-x5a.de\/dx\/wp-json\/wp\/v2\/posts\/1102\/revisions"}],"predecessor-version":[{"id":1104,"href":"https:\/\/www.xn--regina-jck-x5a.de\/dx\/wp-json\/wp\/v2\/posts\/1102\/revisions\/1104"}],"wp:attachment":[{"href":"https:\/\/www.xn--regina-jck-x5a.de\/dx\/wp-json\/wp\/v2\/media?parent=1102"}],"wp:term":[{"taxonomy":"category","embeddable":true,"href":"https:\/\/www.xn--regina-jck-x5a.de\/dx\/wp-json\/wp\/v2\/categories?post=1102"},{"taxonomy":"post_tag","embeddable":true,"href":"https:\/\/www.xn--regina-jck-x5a.de\/dx\/wp-json\/wp\/v2\/tags?post=1102"}],"curies":[{"name":"wp","href":"https:\/\/api.w.org\/{rel}","templated":true}]}}