{"id":1095,"date":"2021-12-03T15:37:21","date_gmt":"2021-12-03T13:37:21","guid":{"rendered":"https:\/\/www.xn--regina-jck-x5a.de\/?p=1095"},"modified":"2021-12-03T15:37:21","modified_gmt":"2021-12-03T13:37:21","slug":"internationaler-tag-der-menschen-mit-behinderung-am-3-dezember-2021","status":"publish","type":"post","link":"https:\/\/www.xn--regina-jck-x5a.de\/dx\/2021\/12\/internationaler-tag-der-menschen-mit-behinderung-am-3-dezember-2021\/","title":{"rendered":"Internationaler Tag der Menschen mit Behinderung am 3. Dezember 2021"},"content":{"rendered":"<p>Heute ist der \u201eInternationale Tag der Menschen mit Behinderung\u201c. Dieser Tag wurde von den Vereinten Nationen (UN) zum ersten Mal 1993 ausgerufen, um verst\u00e4rkt auf die Rechte und Probleme von Menschen mit Behinderung aufmerksam zu machen und alle Menschen f\u00fcr dieses Thema zu sensibilisieren. Zw\u00f6lfeinhalb Jahre nach der Ratifizierung der UN-Behindertenrechtskonvention in Deutschland sind Menschen mit Behinderung noch immer in ihrem Alltag benachteiligt. <\/p>\n<p>Unser Ziel ist eine inklusive Gesellschaft, in der alle Menschen mit und ohne Behinderung gleichberechtigt und selbstbestimmt teilhaben k\u00f6nnen. Das Verst\u00e4ndnis f\u00fcr Menschen mit Behinderung muss nach wie vor gest\u00e4rkt werden. Daher freue ich mich sehr, dass im vorgestellten Koalitionsvertrag der zuk\u00fcnftigen Regierungsparteien SPD, Gr\u00fcnen und FDP viele Ma\u00dfnahmen zur Umsetzung der UN-BRK vorgestellt wurden. Ein Schwerpunkt liegt bei der Integration von Menschen mit Behinderungen in den Arbeitsmarkt. Weiterhin werden private Anbieter von G\u00fctern und Dienstleistungen verpflichtet, Barrieren abzubauen bzw. angemessene Vorkehrungen dazu zu ergreifen. <\/p>\n<p>Insgesamt zwei Seiten umfasst das Thema Inklusion im Koalitionsvertrag und wird au\u00dferdem als Querschnittthema in anderen Themenbereichen, z.B. in der Gesundheitsf\u00f6rderung, mitgedacht. Ich bin zuversichtlich, dass die Ma\u00dfnahmen der zuk\u00fcnftigen Bundesregierung zus\u00e4tzlich zu dem in Hamburg bestehenden Landesaktionsplan dazu beitragen werden, dass auch in Hamburg die UN-BRK z\u00fcgig umgesetzt wird und wir dem Ziel einer inklusiven Gesellschaft n\u00e4her kommen.<\/p>\n","protected":false},"excerpt":{"rendered":"<p>Heute ist der \u201eInternationale Tag der Menschen mit Behinderung\u201c. Dieser Tag wurde von den Vereinten Nationen (UN) zum ersten Mal 1993 ausgerufen, um verst\u00e4rkt auf die Rechte und Probleme von Menschen mit Behinderung aufmerksam zu machen und alle Menschen f\u00fcr dieses Thema zu sensibilisieren. Zw\u00f6lfeinhalb Jahre nach der Ratifizierung der UN-Behindertenrechtskonvention in Deutschland sind Menschen [&hellip;]<\/p>\n","protected":false},"author":2,"featured_media":0,"comment_status":"closed","ping_status":"open","sticky":false,"template":"","format":"standard","meta":{"ngg_post_thumbnail":0,"footnotes":""},"categories":[4,1],"tags":[],"class_list":["post-1095","post","type-post","status-publish","format-standard","hentry","category-aktuell","category-allgemein"],"translation":{"provider":"WPGlobus","version":"3.0.2","language":"dx","enabled_languages":["de","dx"],"languages":{"de":{"title":true,"content":true,"excerpt":false},"dx":{"title":false,"content":false,"excerpt":false}}},"_links":{"self":[{"href":"https:\/\/www.xn--regina-jck-x5a.de\/dx\/wp-json\/wp\/v2\/posts\/1095","targetHints":{"allow":["GET"]}}],"collection":[{"href":"https:\/\/www.xn--regina-jck-x5a.de\/dx\/wp-json\/wp\/v2\/posts"}],"about":[{"href":"https:\/\/www.xn--regina-jck-x5a.de\/dx\/wp-json\/wp\/v2\/types\/post"}],"author":[{"embeddable":true,"href":"https:\/\/www.xn--regina-jck-x5a.de\/dx\/wp-json\/wp\/v2\/users\/2"}],"replies":[{"embeddable":true,"href":"https:\/\/www.xn--regina-jck-x5a.de\/dx\/wp-json\/wp\/v2\/comments?post=1095"}],"version-history":[{"count":2,"href":"https:\/\/www.xn--regina-jck-x5a.de\/dx\/wp-json\/wp\/v2\/posts\/1095\/revisions"}],"predecessor-version":[{"id":1097,"href":"https:\/\/www.xn--regina-jck-x5a.de\/dx\/wp-json\/wp\/v2\/posts\/1095\/revisions\/1097"}],"wp:attachment":[{"href":"https:\/\/www.xn--regina-jck-x5a.de\/dx\/wp-json\/wp\/v2\/media?parent=1095"}],"wp:term":[{"taxonomy":"category","embeddable":true,"href":"https:\/\/www.xn--regina-jck-x5a.de\/dx\/wp-json\/wp\/v2\/categories?post=1095"},{"taxonomy":"post_tag","embeddable":true,"href":"https:\/\/www.xn--regina-jck-x5a.de\/dx\/wp-json\/wp\/v2\/tags?post=1095"}],"curies":[{"name":"wp","href":"https:\/\/api.w.org\/{rel}","templated":true}]}}