{"id":1045,"date":"2021-04-28T15:29:27","date_gmt":"2021-04-28T13:29:27","guid":{"rendered":"https:\/\/www.xn--regina-jck-x5a.de\/?p=1045"},"modified":"2021-04-28T15:29:27","modified_gmt":"2021-04-28T13:29:27","slug":"instandsetzung-des-denkmalgeschuetzten-foersterhauses-in-bramfeld-startet","status":"publish","type":"post","link":"https:\/\/www.xn--regina-jck-x5a.de\/dx\/2021\/04\/instandsetzung-des-denkmalgeschuetzten-foersterhauses-in-bramfeld-startet\/","title":{"rendered":"Instandsetzung des denkmalgesch\u00fctzten F\u00f6rsterhauses in Bramfeld startet"},"content":{"rendered":"<p>Am Donnerstag, den 29. April geben Senat, Bezirk und Sprinkenhof den Startschuss zur Sanierung des F\u00f6rsterhauses Bramfeld. Seit knapp 40 Jahren hat das Bramfelder Stadtteilkulturzentrum Brakula (Bramfelder Kulturladen e. V.) seinen festen Platz im historischen Ortskern. <\/p>\n<p>Mit der Instandsetzung des denkmalgesch\u00fctzten F\u00f6rsterhauses auf demselben Gel\u00e4nde wird zus\u00e4tzlicher Raum f\u00fcr die stadtteilkulturelle Kultur- und Bildungsarbeit geschaffen. Zusammen mit dem bereits bestehenden Brakula wird das F\u00f6rsterhaus das neue Kulturzentrum \u201eBramfelder Kulturinsel\u201c im Herzen Bramfelds bilden. Ich freue mich sehr \u00fcber die St\u00e4rkung der Kultur- und Bildungsarbeit in meinem Wahlkreis. <\/p>\n<p>Am Termin teilnehmen werden<br \/>\n\u2022\tDr. Carsten Brosda, Senator f\u00fcr Kultur und Medien<br \/>\n\u2022\tDr. Andreas Dressel, Finanzsenator<br \/>\n\u2022\tKatharina Fegebank, Bezirkssenatorin<br \/>\n\u2022\tThomas Ritzenhoff, Leiter Bezirksamt Wandsbek<br \/>\n\u2022\tJan Zunke, Gesch\u00e4ftsf\u00fchrer Sprinkenhof GmbH<\/p>\n","protected":false},"excerpt":{"rendered":"<p>Am Donnerstag, den 29. April geben Senat, Bezirk und Sprinkenhof den Startschuss zur Sanierung des F\u00f6rsterhauses Bramfeld. Seit knapp 40 Jahren hat das Bramfelder Stadtteilkulturzentrum Brakula (Bramfelder Kulturladen e. V.) seinen festen Platz im historischen Ortskern. Mit der Instandsetzung des denkmalgesch\u00fctzten F\u00f6rsterhauses auf demselben Gel\u00e4nde wird zus\u00e4tzlicher Raum f\u00fcr die stadtteilkulturelle Kultur- und Bildungsarbeit geschaffen. [&hellip;]<\/p>\n","protected":false},"author":2,"featured_media":0,"comment_status":"closed","ping_status":"open","sticky":false,"template":"","format":"standard","meta":{"ngg_post_thumbnail":0,"footnotes":""},"categories":[4,1],"tags":[],"class_list":["post-1045","post","type-post","status-publish","format-standard","hentry","category-aktuell","category-allgemein"],"translation":{"provider":"WPGlobus","version":"3.0.2","language":"dx","enabled_languages":["de","dx"],"languages":{"de":{"title":true,"content":true,"excerpt":false},"dx":{"title":false,"content":false,"excerpt":false}}},"_links":{"self":[{"href":"https:\/\/www.xn--regina-jck-x5a.de\/dx\/wp-json\/wp\/v2\/posts\/1045","targetHints":{"allow":["GET"]}}],"collection":[{"href":"https:\/\/www.xn--regina-jck-x5a.de\/dx\/wp-json\/wp\/v2\/posts"}],"about":[{"href":"https:\/\/www.xn--regina-jck-x5a.de\/dx\/wp-json\/wp\/v2\/types\/post"}],"author":[{"embeddable":true,"href":"https:\/\/www.xn--regina-jck-x5a.de\/dx\/wp-json\/wp\/v2\/users\/2"}],"replies":[{"embeddable":true,"href":"https:\/\/www.xn--regina-jck-x5a.de\/dx\/wp-json\/wp\/v2\/comments?post=1045"}],"version-history":[{"count":3,"href":"https:\/\/www.xn--regina-jck-x5a.de\/dx\/wp-json\/wp\/v2\/posts\/1045\/revisions"}],"predecessor-version":[{"id":1048,"href":"https:\/\/www.xn--regina-jck-x5a.de\/dx\/wp-json\/wp\/v2\/posts\/1045\/revisions\/1048"}],"wp:attachment":[{"href":"https:\/\/www.xn--regina-jck-x5a.de\/dx\/wp-json\/wp\/v2\/media?parent=1045"}],"wp:term":[{"taxonomy":"category","embeddable":true,"href":"https:\/\/www.xn--regina-jck-x5a.de\/dx\/wp-json\/wp\/v2\/categories?post=1045"},{"taxonomy":"post_tag","embeddable":true,"href":"https:\/\/www.xn--regina-jck-x5a.de\/dx\/wp-json\/wp\/v2\/tags?post=1045"}],"curies":[{"name":"wp","href":"https:\/\/api.w.org\/{rel}","templated":true}]}}