{"id":1036,"date":"2021-04-23T15:24:04","date_gmt":"2021-04-23T13:24:04","guid":{"rendered":"https:\/\/www.xn--regina-jck-x5a.de\/?p=1036"},"modified":"2021-04-23T15:24:04","modified_gmt":"2021-04-23T13:24:04","slug":"kriegerdenkmal-bramfeld-440-000-euro-gegen-die-verherrlichung-von-krieg-und-gewalt","status":"publish","type":"post","link":"https:\/\/www.xn--regina-jck-x5a.de\/dx\/2021\/04\/kriegerdenkmal-bramfeld-440-000-euro-gegen-die-verherrlichung-von-krieg-und-gewalt\/","title":{"rendered":"Kriegerdenkmal Bramfeld: 440.000 Euro gegen die Verherrlichung von Krieg und Gewalt"},"content":{"rendered":"<p>Die rot-gr\u00fcnen Regierungsfraktionen machen sich in einem gemeinsamen Antrag daf\u00fcr stark, dass die Finanzierung der Umgestaltung des umstrittenen Kriegerdenkmals in Bramfeld sichergestellt wird (siehe Anlage). Die Gesamtkosten f\u00fcr diese Ma\u00dfnahme belaufen sich auf 440.000 Euro. Aus Mitteln des Sanierungsfonds soll die B\u00fcrgerschaft 260.000 Euro zur Verf\u00fcgung stellen. 160.000 Euro kommen aus dem investiven Quartierfonds und weitere 20.000 Euro aus bezirklichen Sondermitteln der Bezirksversammlung Wandsbek.<\/p>\n<p><a href=\"https:\/\/www.xn--regina-jck-x5a.de\/wp-content\/uploads\/2021\/04\/PHOTO-2021-04-23-13-12-56.jpg\"><img loading=\"lazy\" decoding=\"async\" src=\"https:\/\/www.xn--regina-jck-x5a.de\/wp-content\/uploads\/2021\/04\/PHOTO-2021-04-23-13-12-56-300x225.jpg\" alt=\"Regina J\u00e4ck, Andreas Ernst und Lars Pochnicht vor dem Bramfelder Denkmal\" width=\"300\" height=\"225\" class=\"alignnone size-medium wp-image-1037\" srcset=\"https:\/\/www.xn--regina-jck-x5a.de\/wp-content\/uploads\/2021\/04\/PHOTO-2021-04-23-13-12-56-300x225.jpg 300w, https:\/\/www.xn--regina-jck-x5a.de\/wp-content\/uploads\/2021\/04\/PHOTO-2021-04-23-13-12-56-768x576.jpg 768w, https:\/\/www.xn--regina-jck-x5a.de\/wp-content\/uploads\/2021\/04\/PHOTO-2021-04-23-13-12-56-150x113.jpg 150w, https:\/\/www.xn--regina-jck-x5a.de\/wp-content\/uploads\/2021\/04\/PHOTO-2021-04-23-13-12-56-200x150.jpg 200w, https:\/\/www.xn--regina-jck-x5a.de\/wp-content\/uploads\/2021\/04\/PHOTO-2021-04-23-13-12-56-400x300.jpg 400w, https:\/\/www.xn--regina-jck-x5a.de\/wp-content\/uploads\/2021\/04\/PHOTO-2021-04-23-13-12-56.jpg 1024w\" sizes=\"auto, (max-width: 300px) 100vw, 300px\" \/><\/a><\/p>\n<p>Dazu Regina J\u00e4ck, Abgeordnete der SPD-B\u00fcrgerschaftsfraktion und Mitglied im Kulturausschuss: \u201eDie Nationalsozialisten haben 1935 ein martialisches Kriegerdenkmal in Bramfeld eingeweiht. Es diente ausschlie\u00dflich der Kriegsverherrlichung und war zuletzt ein Treffpunkt von Neonazis. Diesen toxischen Ort wollen wir durch eine Neugestaltung seiner Wirkung berauben und den Opfern von Krieg und Gewaltherrschaft endlich angemessen gedenken.\u201c<\/p>\n<p>Hintergrund:<br \/>\nEine Umgestaltung des Ehrenmals am Alten Teich in Bramfeld ist seit Jahrzehnten Teil der \u00f6ffentlichen Debatte in Bramfeld und \u00fcber die Stadtteilgrenzen hinaus. Das 1935 im Geiste des Nationalsozialismus errichtete Kriegerdenkmal f\u00fcr die Opfer des Ersten Weltkrieges von 1914-1918 verherrlicht Krieg und Gewalt. Hierf\u00fcr steht unter anderem der heroische Soldat in der Mitte des Denkmals, welches gerade zum Volkstrauertag zum Versammlungsort von Rechtsradikalen wurde. Im Fr\u00fchjahr 2016 lobte die Bezirksversammlung Wandsbek einen Wettbewerb aus, um eine Umgestaltung und Kommentierung des Denkmals zu erreichen und trotzdem das Denkmal zu erhalten. Neben den Fraktionen der Bezirksversammlungen waren auch eine Vielzahl von Multiplikatoren im Stadtteil eingebunden, um eine breite gesellschaftliche Mehrheit f\u00fcr diese Umgestaltung zu erzielen. Mit einer Vielzahl von Einreichungen war dieser Wettbewerb ein voller Erfolg. Im Mai 2019 wurde der Entwurf einer Hamburger Innenarchitektin einstimmig ausgew\u00e4hlt.<\/p>\n","protected":false},"excerpt":{"rendered":"<p>Die rot-gr\u00fcnen Regierungsfraktionen machen sich in einem gemeinsamen Antrag daf\u00fcr stark, dass die Finanzierung der Umgestaltung des umstrittenen Kriegerdenkmals in Bramfeld sichergestellt wird (siehe Anlage). Die Gesamtkosten f\u00fcr diese Ma\u00dfnahme belaufen sich auf 440.000 Euro. Aus Mitteln des Sanierungsfonds soll die B\u00fcrgerschaft 260.000 Euro zur Verf\u00fcgung stellen. 160.000 Euro kommen aus dem investiven Quartierfonds und [&hellip;]<\/p>\n","protected":false},"author":2,"featured_media":0,"comment_status":"closed","ping_status":"open","sticky":false,"template":"","format":"standard","meta":{"ngg_post_thumbnail":0,"footnotes":""},"categories":[4,1],"tags":[],"class_list":["post-1036","post","type-post","status-publish","format-standard","hentry","category-aktuell","category-allgemein"],"translation":{"provider":"WPGlobus","version":"3.0.2","language":"dx","enabled_languages":["de","dx"],"languages":{"de":{"title":true,"content":true,"excerpt":false},"dx":{"title":false,"content":false,"excerpt":false}}},"_links":{"self":[{"href":"https:\/\/www.xn--regina-jck-x5a.de\/dx\/wp-json\/wp\/v2\/posts\/1036","targetHints":{"allow":["GET"]}}],"collection":[{"href":"https:\/\/www.xn--regina-jck-x5a.de\/dx\/wp-json\/wp\/v2\/posts"}],"about":[{"href":"https:\/\/www.xn--regina-jck-x5a.de\/dx\/wp-json\/wp\/v2\/types\/post"}],"author":[{"embeddable":true,"href":"https:\/\/www.xn--regina-jck-x5a.de\/dx\/wp-json\/wp\/v2\/users\/2"}],"replies":[{"embeddable":true,"href":"https:\/\/www.xn--regina-jck-x5a.de\/dx\/wp-json\/wp\/v2\/comments?post=1036"}],"version-history":[{"count":3,"href":"https:\/\/www.xn--regina-jck-x5a.de\/dx\/wp-json\/wp\/v2\/posts\/1036\/revisions"}],"predecessor-version":[{"id":1044,"href":"https:\/\/www.xn--regina-jck-x5a.de\/dx\/wp-json\/wp\/v2\/posts\/1036\/revisions\/1044"}],"wp:attachment":[{"href":"https:\/\/www.xn--regina-jck-x5a.de\/dx\/wp-json\/wp\/v2\/media?parent=1036"}],"wp:term":[{"taxonomy":"category","embeddable":true,"href":"https:\/\/www.xn--regina-jck-x5a.de\/dx\/wp-json\/wp\/v2\/categories?post=1036"},{"taxonomy":"post_tag","embeddable":true,"href":"https:\/\/www.xn--regina-jck-x5a.de\/dx\/wp-json\/wp\/v2\/tags?post=1036"}],"curies":[{"name":"wp","href":"https:\/\/api.w.org\/{rel}","templated":true}]}}