{"id":1021,"date":"2021-03-21T10:40:43","date_gmt":"2021-03-21T08:40:43","guid":{"rendered":"https:\/\/www.xn--regina-jck-x5a.de\/?p=1021"},"modified":"2021-03-21T11:44:03","modified_gmt":"2021-03-21T09:44:03","slug":"welt-down-syndrom-tag-2021","status":"publish","type":"post","link":"https:\/\/www.xn--regina-jck-x5a.de\/dx\/2021\/03\/welt-down-syndrom-tag-2021\/","title":{"rendered":"Welt-Down-Syndrom Tag 2021"},"content":{"rendered":"<p>Anl\u00e4sslich des Welt-Down-Syndrom-Tages am 21. M\u00e4rz 2021 m\u00f6chte die SPD-Abgeordnete und Fachsprecherin f\u00fcr Menschen mit Behinderung Regina J\u00e4ck mehr Aufmerksamkeit f\u00fcr Menschen mit dem Down-Syndrom erreichen: &#8220;Menschen mit Trisomie 21 sind nicht krank. Das Down-Syndrom ist eine Chromosomenvariation, die genauso zuf\u00e4llig entsteht wie das Geschlecht. Menschen mit Down-Syndrom verf\u00fcgen, wie alle anderen Menschen auch, \u00fcber individuelle Pers\u00f6nlichkeiten und F\u00e4higkeiten.&#8221; <\/p>\n<p>Das Verst\u00e4ndnis f\u00fcr Menschen mit Behinderung muss nach wie vor gest\u00e4rkt werden. In Hamburg hat sich seit der Ratifizierung der UN-Behindertenrechtskonvention viel getan. Insbesondere hinsichtlich der umgesetzten Ma\u00dfnahmen des sich stetig entwickelnden Landesaktionsplans. <\/p>\n<p>Um sich mit Menschen mit Down-Syndrom und ihren Familien solidarisch zu zeigen und mehr Aufmerksamkeit f\u00fcr Menschen mit Down-Syndrom zu erreichen, gehen viele ebenfalls gerne der #Sockenaufforderung nach, die jedes Jahr am 21. M\u00e4rz in Verbindung mit dem Welt-Down-Syndrom-Tag stattfindet: An diesem Tag werden zwei unterschiedliche Socken getragen, um die menschliche Einzigartigkeit zur feiern. <\/p>\n<p>Der Welt-Down-Syndrom-Tag findet seit 2006 j\u00e4hrlich am 21.M\u00e4rz statt.<\/p>\n","protected":false},"excerpt":{"rendered":"<p>Anl\u00e4sslich des Welt-Down-Syndrom-Tages am 21. M\u00e4rz 2021 m\u00f6chte die SPD-Abgeordnete und Fachsprecherin f\u00fcr Menschen mit Behinderung Regina J\u00e4ck mehr Aufmerksamkeit f\u00fcr Menschen mit dem Down-Syndrom erreichen: &#8220;Menschen mit Trisomie 21 sind nicht krank. Das Down-Syndrom ist eine Chromosomenvariation, die genauso zuf\u00e4llig entsteht wie das Geschlecht. Menschen mit Down-Syndrom verf\u00fcgen, wie alle anderen Menschen auch, \u00fcber [&hellip;]<\/p>\n","protected":false},"author":2,"featured_media":1025,"comment_status":"closed","ping_status":"open","sticky":false,"template":"","format":"standard","meta":{"ngg_post_thumbnail":0,"footnotes":""},"categories":[4,1],"tags":[],"class_list":["post-1021","post","type-post","status-publish","format-standard","has-post-thumbnail","hentry","category-aktuell","category-allgemein"],"translation":{"provider":"WPGlobus","version":"3.0.2","language":"dx","enabled_languages":["de","dx"],"languages":{"de":{"title":true,"content":true,"excerpt":false},"dx":{"title":false,"content":false,"excerpt":false}}},"_links":{"self":[{"href":"https:\/\/www.xn--regina-jck-x5a.de\/dx\/wp-json\/wp\/v2\/posts\/1021","targetHints":{"allow":["GET"]}}],"collection":[{"href":"https:\/\/www.xn--regina-jck-x5a.de\/dx\/wp-json\/wp\/v2\/posts"}],"about":[{"href":"https:\/\/www.xn--regina-jck-x5a.de\/dx\/wp-json\/wp\/v2\/types\/post"}],"author":[{"embeddable":true,"href":"https:\/\/www.xn--regina-jck-x5a.de\/dx\/wp-json\/wp\/v2\/users\/2"}],"replies":[{"embeddable":true,"href":"https:\/\/www.xn--regina-jck-x5a.de\/dx\/wp-json\/wp\/v2\/comments?post=1021"}],"version-history":[{"count":4,"href":"https:\/\/www.xn--regina-jck-x5a.de\/dx\/wp-json\/wp\/v2\/posts\/1021\/revisions"}],"predecessor-version":[{"id":1027,"href":"https:\/\/www.xn--regina-jck-x5a.de\/dx\/wp-json\/wp\/v2\/posts\/1021\/revisions\/1027"}],"wp:featuredmedia":[{"embeddable":true,"href":"https:\/\/www.xn--regina-jck-x5a.de\/dx\/wp-json\/wp\/v2\/media\/1025"}],"wp:attachment":[{"href":"https:\/\/www.xn--regina-jck-x5a.de\/dx\/wp-json\/wp\/v2\/media?parent=1021"}],"wp:term":[{"taxonomy":"category","embeddable":true,"href":"https:\/\/www.xn--regina-jck-x5a.de\/dx\/wp-json\/wp\/v2\/categories?post=1021"},{"taxonomy":"post_tag","embeddable":true,"href":"https:\/\/www.xn--regina-jck-x5a.de\/dx\/wp-json\/wp\/v2\/tags?post=1021"}],"curies":[{"name":"wp","href":"https:\/\/api.w.org\/{rel}","templated":true}]}}