{"id":1001,"date":"2021-01-11T16:24:26","date_gmt":"2021-01-11T14:24:26","guid":{"rendered":"https:\/\/www.xn--regina-jck-x5a.de\/?p=1001"},"modified":"2021-01-11T16:24:26","modified_gmt":"2021-01-11T14:24:26","slug":"100-millionen-euro-fuer-berufliche-teilhabe-von-menschen-mit-behinderungen","status":"publish","type":"post","link":"https:\/\/www.xn--regina-jck-x5a.de\/dx\/2021\/01\/100-millionen-euro-fuer-berufliche-teilhabe-von-menschen-mit-behinderungen\/","title":{"rendered":"100 Millionen Euro f\u00fcr berufliche Teilhabe von Menschen mit Behinderungen"},"content":{"rendered":"<p>Mit dem zweiten Nachtragshaushalt 2020 hat der Bundestag den Corona-Teilhabe-Fonds bereitgestellt. Darin werden mit 100 Millionen Euro Inklusionsunternehmen, Einrichtungen der Behindertenhilfe, Sozialkaufh\u00e4user und gemeinn\u00fctzige Sozialunternehmen unterst\u00fctzt, die durch die Corona-Pandemie einen finanziellen Schaden erlitten haben. <\/p>\n<p>Kerstin Tack, arbeitsmarkt- und sozialpolitische Sprecherin: \u201eDer Corona-Teilhabe-Fonds schlie\u00dft eine L\u00fccke in den Pandemiehilfen f\u00fcr Unternehmen. Denn auch rund 900 Inklusionsunternehmen, gemeinn\u00fctzige Unternehmen und Einrichtungen der Behindertenhilfe waren von Schlie\u00dfungen betroffen und haben Umsatzeinbu\u00dfen hinnehmen m\u00fcssen.<br \/>\nDie Zusch\u00fcsse umfassen 90 Prozent der betrieblichen Fixkosten, wenn diese nicht durch Einnahmen gedeckt sind. Eine F\u00f6rderung ist von September 2020 bis M\u00e4rz 2021 m\u00f6glich und kann r\u00fcckwirkend beantragt werden. Bis Ende M\u00e4rz k\u00f6nnen die Hilfen bei den jeweiligen Integrations\u00e4mtern beantragt werden.<\/p>\n<p>Es ist ganz wichtig, dass wir diese L\u00fccke nun schlie\u00dfen und den betroffenen Unternehmen mit 100 Millionen Euro aus dem vom SPD-gef\u00fchrten Bundesarbeitsministerium neu eingerichteten Corona-Teilhabe-Fonds unter die Arme greifen. Denn f\u00fcr einen inklusiven Arbeitsmarkt spielen Inklusionsunternehmen eine wichtige Rolle. Viele schwerbehinderte Menschen werden durch die Unterst\u00fctzung aus dem Corona-Teilhabe-Fonds auch in der Krise weiter am Arbeitsleben teilhaben k\u00f6nnen.\u201c<\/p>\n<p>________________________________________<br \/>\nDie komplette Pressemitteilung finden Sie hier:<br \/>\nhttps:\/\/www.spdfraktion.de\/presse\/pressemitteilungen\/100-millionen-euro-berufliche-teilhabe-menschen-behinderungen<br \/>\nDie komplette Pressemitteilung als PDF:<br \/>\nhttps:\/\/www.spdfraktion.de\/node\/5112228\/pdf<\/p>\n","protected":false},"excerpt":{"rendered":"<p>Mit dem zweiten Nachtragshaushalt 2020 hat der Bundestag den Corona-Teilhabe-Fonds bereitgestellt. Darin werden mit 100 Millionen Euro Inklusionsunternehmen, Einrichtungen der Behindertenhilfe, Sozialkaufh\u00e4user und gemeinn\u00fctzige Sozialunternehmen unterst\u00fctzt, die durch die Corona-Pandemie einen finanziellen Schaden erlitten haben. Kerstin Tack, arbeitsmarkt- und sozialpolitische Sprecherin: \u201eDer Corona-Teilhabe-Fonds schlie\u00dft eine L\u00fccke in den Pandemiehilfen f\u00fcr Unternehmen. Denn auch rund 900 [&hellip;]<\/p>\n","protected":false},"author":2,"featured_media":0,"comment_status":"closed","ping_status":"open","sticky":false,"template":"","format":"standard","meta":{"ngg_post_thumbnail":0,"footnotes":""},"categories":[4],"tags":[],"class_list":["post-1001","post","type-post","status-publish","format-standard","hentry","category-aktuell"],"translation":{"provider":"WPGlobus","version":"3.0.2","language":"dx","enabled_languages":["de","dx"],"languages":{"de":{"title":true,"content":true,"excerpt":false},"dx":{"title":false,"content":false,"excerpt":false}}},"_links":{"self":[{"href":"https:\/\/www.xn--regina-jck-x5a.de\/dx\/wp-json\/wp\/v2\/posts\/1001","targetHints":{"allow":["GET"]}}],"collection":[{"href":"https:\/\/www.xn--regina-jck-x5a.de\/dx\/wp-json\/wp\/v2\/posts"}],"about":[{"href":"https:\/\/www.xn--regina-jck-x5a.de\/dx\/wp-json\/wp\/v2\/types\/post"}],"author":[{"embeddable":true,"href":"https:\/\/www.xn--regina-jck-x5a.de\/dx\/wp-json\/wp\/v2\/users\/2"}],"replies":[{"embeddable":true,"href":"https:\/\/www.xn--regina-jck-x5a.de\/dx\/wp-json\/wp\/v2\/comments?post=1001"}],"version-history":[{"count":2,"href":"https:\/\/www.xn--regina-jck-x5a.de\/dx\/wp-json\/wp\/v2\/posts\/1001\/revisions"}],"predecessor-version":[{"id":1003,"href":"https:\/\/www.xn--regina-jck-x5a.de\/dx\/wp-json\/wp\/v2\/posts\/1001\/revisions\/1003"}],"wp:attachment":[{"href":"https:\/\/www.xn--regina-jck-x5a.de\/dx\/wp-json\/wp\/v2\/media?parent=1001"}],"wp:term":[{"taxonomy":"category","embeddable":true,"href":"https:\/\/www.xn--regina-jck-x5a.de\/dx\/wp-json\/wp\/v2\/categories?post=1001"},{"taxonomy":"post_tag","embeddable":true,"href":"https:\/\/www.xn--regina-jck-x5a.de\/dx\/wp-json\/wp\/v2\/tags?post=1001"}],"curies":[{"name":"wp","href":"https:\/\/api.w.org\/{rel}","templated":true}]}}